{"id":5840,"date":"2021-12-21T17:06:48","date_gmt":"2021-12-21T17:06:48","guid":{"rendered":"https:\/\/seljak.me\/savjetuje\/?p=5840"},"modified":"2021-12-21T17:06:48","modified_gmt":"2021-12-21T17:06:48","slug":"selo-sad-dodatnih-10-miliona-eura-za-sektor-poljoprivrede","status":"publish","type":"post","link":"https:\/\/seljak.me\/savjetuje\/selo-sad-dodatnih-10-miliona-eura-za-sektor-poljoprivrede\/","title":{"rendered":"&#8220;Selo sad&#8221; &#8211; dodatnih 10 miliona eura za sektor poljoprivrede?"},"content":{"rendered":"<p style=\"text-align: justify;\">Nakon predloga i inicijative Ministarstva poljoprivrede, \u0161umarstva i vodoprivrede, pored projekta Evropa sad,\u00a0<b><strong>Ministarstvo finansija i socijalnog staranja<\/strong><\/b>\u00a0u saradnji sa parlamentarnom ve\u0107inom odborilo je sredstva za posebnu komponentu <strong>\u201cSelo sad\u201d<\/strong> kroz koju \u0107e u Bud\u017eetu za poljoprivredu biti opredijeljeno\u00a0<b><strong>dodatnih 10 miliona eura<\/strong><\/b><strong>.<\/strong><\/p>\n<p style=\"text-align: justify;\">Prethodno je saop\u0161teno na sajtu Ministarstva poljoprivrede, \u0161umarstva i vodoprivrede uz naglasak da je poljoprivreda jedan od strate\u0161kih razvojnih sektora a selo treba oja\u010dati kroz pove\u0107anje sto\u010dnog fonda i ja\u010danje ruralne infrastrukture sa posebnim fokusom na obezbje\u0111ivanje vode u svim crnogorskim selima u narednim godinama.<\/p>\n<h3 style=\"text-align: justify;\">Projekat \u0107e se realizovati kroz implementaciju Agrobud\u017eeta za 2022. godinu.<\/h3>\n<p style=\"text-align: justify;\">Ministarstvo finansija i socijalnog staranja prihvatilo je koncept Ministarstva poljoprivrede, \u0161umarstva i vodoprivrede, u Bud\u017eetu \u0107e, kako se navodi na sajtu MP\u0160V-e, pored 40,2 miliona biti opredijeljeno <strong>10 miliona eura dodatnih razvojnih sredstva za sektor poljoprivrede u Crnoj Gori.<\/strong><\/p>\n<p style=\"text-align: justify;\"><span class=\"cms-highlighted\">Koncept\u00a0<strong>\u201c<\/strong><b><strong>Selo sad<\/strong><\/b>\u201d obuhvati\u0107e prije svega, kako se navodi u saop\u0161tenju, ja\u010danje sektora sto\u010darstva kao i zna\u010dajno pove\u0107anje sredstava za podr\u0161ku za izgradnju ruralne infrastrukutre, seoskih puteva, elektirfikacije i vodovoda.<\/span><\/p>\n<p style=\"text-align: justify;\"><strong>Sredstava \u0107e se izme\u0111u ostalog odvojiti za:<\/strong><\/p>\n<ul>\n<li style=\"text-align: justify;\">Pove\u0107anje premija koje se odnose na hektar obradive povr\u0161ine;<\/li>\n<li style=\"text-align: justify;\">Pove\u0107anje sto\u010dnog fonda i stimulisanje poljoprivrednika;<\/li>\n<li style=\"text-align: justify;\">Pove\u0107anje premija koje se odnose na subvencije po grlu stoke;<\/li>\n<li style=\"text-align: justify;\">Ja\u010danje putne infrastrukture; nabavku steonih junica i plotkinja sitne stoke;<\/li>\n<li style=\"text-align: justify;\">Edukaciju poljoprivrednih proizvo\u0111a\u010da, bredniranje proizvoda, ja\u010danje individualnih prera\u0111iva\u010dkih kapaciteta; Ja\u010danje palsteni\u010dke proizvodnje; Ja\u010danje vo\u0107arsko \u2013 vinogradarskog sektora;<\/li>\n<li style=\"text-align: justify;\">Poribljavanje rijeka i jezera, pove\u0107anje populacije riba autohtonih sorti;<\/li>\n<li style=\"text-align: justify;\">Nabavku sadnog materijala i po\u0161umljavanje opo\u017earnih povr\u0161ina i goleti.<\/li>\n<\/ul>\n<p style=\"text-align: justify;\">Jedan od prioriteta u projektu je podr\u0161ka za izgradnju ruralne infrastrukture, seoski putevi, elektrifikacija i vodoprivredni objekati kako bi u narednom periodu obezbijedili neophodne osnovne uslove za \u017eivot za svako doma\u0107instvo u Crnoj Gori.<\/p>\n","protected":false},"excerpt":{"rendered":"<p>Nakon predloga i inicijative Ministarstva poljoprivrede, \u0161umarstva i vodoprivrede, pored projekta Evropa sad,\u00a0Ministarstvo finansija i socijalnog staranja\u00a0u saradnji sa parlamentarnom ve\u0107inom odborilo je sredstva za posebnu komponentu \u201cSelo sad\u201d kroz koju \u0107e u Bud\u017eetu za poljoprivredu biti opredijeljeno\u00a0dodatnih 10 miliona eura. Prethodno je saop\u0161teno na sajtu Ministarstva poljoprivrede, \u0161umarstva i vodoprivrede uz naglasak da je&#8230;<a class=\"btnReadMore\" href=\"https:\/\/seljak.me\/savjetuje\/selo-sad-dodatnih-10-miliona-eura-za-sektor-poljoprivrede\/\"> Pro\u010ditajte vi\u0161e&#8230;<\/a><\/p>\n","protected":false},"author":1,"featured_media":5841,"comment_status":"closed","ping_status":"closed","sticky":false,"template":"","format":"standard","meta":{"ngg_post_thumbnail":0,"spay_email":""},"categories":[36,37],"tags":[550,549,548],"yoast_head":"<!-- This site is optimized with the Yoast SEO plugin v17.7.1 - https:\/\/yoast.com\/wordpress\/plugins\/seo\/ -->\n<title>&quot;Selo sad&quot; - dodatnih 10 miliona eura za sektor poljoprivrede? - Savjetuje<\/title>\n<meta name=\"robots\" content=\"index, follow, max-snippet:-1, max-image-preview:large, max-video-preview:-1\" \/>\n<link rel=\"canonical\" href=\"https:\/\/seljak.me\/savjetuje\/selo-sad-dodatnih-10-miliona-eura-za-sektor-poljoprivrede\/\" \/>\n<meta property=\"og:locale\" content=\"sr_RS\" \/>\n<meta property=\"og:type\" content=\"article\" \/>\n<meta property=\"og:title\" content=\"&quot;Selo sad&quot; - dodatnih 10 miliona eura za sektor poljoprivrede? - Savjetuje\" \/>\n<meta property=\"og:description\" content=\"Nakon predloga i inicijative Ministarstva poljoprivrede, \u0161umarstva i vodoprivrede, pored projekta Evropa sad,\u00a0Ministarstvo finansija i socijalnog staranja\u00a0u saradnji sa parlamentarnom ve\u0107inom odborilo je sredstva za posebnu komponentu \u201cSelo sad\u201d kroz koju \u0107e u Bud\u017eetu za poljoprivredu biti opredijeljeno\u00a0dodatnih 10 miliona eura. Prethodno je saop\u0161teno na sajtu Ministarstva poljoprivrede, \u0161umarstva i vodoprivrede uz naglasak da je... Pro\u010ditajte vi\u0161e...\" \/>\n<meta property=\"og:url\" content=\"https:\/\/seljak.me\/savjetuje\/selo-sad-dodatnih-10-miliona-eura-za-sektor-poljoprivrede\/\" \/>\n<meta property=\"og:site_name\" content=\"Savjetuje\" \/>\n<meta property=\"article:publisher\" content=\"https:\/\/www.facebook.com\/seljak.me\/\" \/>\n<meta property=\"article:published_time\" content=\"2021-12-21T17:06:48+00:00\" \/>\n<meta property=\"og:image\" content=\"https:\/\/seljak.me\/savjetuje\/wp-content\/uploads\/2021\/12\/vlada_crne_gore_2.jpg\" \/>\n\t<meta property=\"og:image:width\" content=\"800\" \/>\n\t<meta property=\"og:image:height\" content=\"437\" \/>\n<meta name=\"twitter:card\" content=\"summary_large_image\" \/>\n<meta name=\"twitter:label1\" content=\"Written by\" \/>\n\t<meta name=\"twitter:data1\" content=\"Seljak.me\" \/>\n\t<meta name=\"twitter:label2\" content=\"Est. reading time\" \/>\n\t<meta name=\"twitter:data2\" content=\"2 \u043c\u0438\u043d\u0443\u0442\u0430\" \/>\n<script type=\"application\/ld+json\" class=\"yoast-schema-graph\">{\"@context\":\"https:\/\/schema.org\",\"@graph\":[{\"@type\":\"WebSite\",\"@id\":\"https:\/\/seljak.me\/savjetuje\/#website\",\"url\":\"https:\/\/seljak.me\/savjetuje\/\",\"name\":\"Savjetuje\",\"description\":\"Seljak savjetuje\",\"potentialAction\":[{\"@type\":\"SearchAction\",\"target\":{\"@type\":\"EntryPoint\",\"urlTemplate\":\"https:\/\/seljak.me\/savjetuje\/?s={search_term_string}\"},\"query-input\":\"required name=search_term_string\"}],\"inLanguage\":\"sr-RS\"},{\"@type\":\"ImageObject\",\"@id\":\"https:\/\/seljak.me\/savjetuje\/selo-sad-dodatnih-10-miliona-eura-za-sektor-poljoprivrede\/#primaryimage\",\"inLanguage\":\"sr-RS\",\"url\":\"https:\/\/seljak.me\/savjetuje\/wp-content\/uploads\/2021\/12\/vlada_crne_gore_2.jpg\",\"contentUrl\":\"https:\/\/seljak.me\/savjetuje\/wp-content\/uploads\/2021\/12\/vlada_crne_gore_2.jpg\",\"width\":800,\"height\":437},{\"@type\":\"WebPage\",\"@id\":\"https:\/\/seljak.me\/savjetuje\/selo-sad-dodatnih-10-miliona-eura-za-sektor-poljoprivrede\/#webpage\",\"url\":\"https:\/\/seljak.me\/savjetuje\/selo-sad-dodatnih-10-miliona-eura-za-sektor-poljoprivrede\/\",\"name\":\"\\\"Selo sad\\\" - dodatnih 10 miliona eura za sektor poljoprivrede? - Savjetuje\",\"isPartOf\":{\"@id\":\"https:\/\/seljak.me\/savjetuje\/#website\"},\"primaryImageOfPage\":{\"@id\":\"https:\/\/seljak.me\/savjetuje\/selo-sad-dodatnih-10-miliona-eura-za-sektor-poljoprivrede\/#primaryimage\"},\"datePublished\":\"2021-12-21T17:06:48+00:00\",\"dateModified\":\"2021-12-21T17:06:48+00:00\",\"author\":{\"@id\":\"https:\/\/seljak.me\/savjetuje\/#\/schema\/person\/ad6a49ffeabe4c23e78486ed84d77b10\"},\"breadcrumb\":{\"@id\":\"https:\/\/seljak.me\/savjetuje\/selo-sad-dodatnih-10-miliona-eura-za-sektor-poljoprivrede\/#breadcrumb\"},\"inLanguage\":\"sr-RS\",\"potentialAction\":[{\"@type\":\"ReadAction\",\"target\":[\"https:\/\/seljak.me\/savjetuje\/selo-sad-dodatnih-10-miliona-eura-za-sektor-poljoprivrede\/\"]}]},{\"@type\":\"BreadcrumbList\",\"@id\":\"https:\/\/seljak.me\/savjetuje\/selo-sad-dodatnih-10-miliona-eura-za-sektor-poljoprivrede\/#breadcrumb\",\"itemListElement\":[{\"@type\":\"ListItem\",\"position\":1,\"name\":\"Naslovna\",\"item\":\"https:\/\/seljak.me\/savjetuje\/\"},{\"@type\":\"ListItem\",\"position\":2,\"name\":\"&#8220;Selo sad&#8221; &#8211; dodatnih 10 miliona eura za sektor poljoprivrede?\"}]},{\"@type\":\"Person\",\"@id\":\"https:\/\/seljak.me\/savjetuje\/#\/schema\/person\/ad6a49ffeabe4c23e78486ed84d77b10\",\"name\":\"Seljak.me\",\"image\":{\"@type\":\"ImageObject\",\"@id\":\"https:\/\/seljak.me\/savjetuje\/#personlogo\",\"inLanguage\":\"sr-RS\",\"url\":\"https:\/\/seljak.me\/savjetuje\/wp-content\/uploads\/2021\/12\/savjetuje-logo-96x96.png\",\"contentUrl\":\"https:\/\/seljak.me\/savjetuje\/wp-content\/uploads\/2021\/12\/savjetuje-logo-96x96.png\",\"caption\":\"Seljak.me\"},\"sameAs\":[\"admin\"],\"url\":\"https:\/\/seljak.me\/savjetuje\/author\/admin\/\"}]}<\/script>\n<!-- \/ Yoast SEO plugin. -->","yoast_head_json":{"title":"\"Selo sad\" - dodatnih 10 miliona eura za sektor poljoprivrede? - Savjetuje","robots":{"index":"index","follow":"follow","max-snippet":"max-snippet:-1","max-image-preview":"max-image-preview:large","max-video-preview":"max-video-preview:-1"},"canonical":"https:\/\/seljak.me\/savjetuje\/selo-sad-dodatnih-10-miliona-eura-za-sektor-poljoprivrede\/","og_locale":"sr_RS","og_type":"article","og_title":"\"Selo sad\" - dodatnih 10 miliona eura za sektor poljoprivrede? - Savjetuje","og_description":"Nakon predloga i inicijative Ministarstva poljoprivrede, \u0161umarstva i vodoprivrede, pored projekta Evropa sad,\u00a0Ministarstvo finansija i socijalnog staranja\u00a0u saradnji sa parlamentarnom ve\u0107inom odborilo je sredstva za posebnu komponentu \u201cSelo sad\u201d kroz koju \u0107e u Bud\u017eetu za poljoprivredu biti opredijeljeno\u00a0dodatnih 10 miliona eura. Prethodno je saop\u0161teno na sajtu Ministarstva poljoprivrede, \u0161umarstva i vodoprivrede uz naglasak da je... Pro\u010ditajte vi\u0161e...","og_url":"https:\/\/seljak.me\/savjetuje\/selo-sad-dodatnih-10-miliona-eura-za-sektor-poljoprivrede\/","og_site_name":"Savjetuje","article_publisher":"https:\/\/www.facebook.com\/seljak.me\/","article_published_time":"2021-12-21T17:06:48+00:00","og_image":[{"width":800,"height":437,"url":"https:\/\/seljak.me\/savjetuje\/wp-content\/uploads\/2021\/12\/vlada_crne_gore_2.jpg","type":"image\/jpeg"}],"twitter_card":"summary_large_image","twitter_misc":{"Written by":"Seljak.me","Est. reading time":"2 \u043c\u0438\u043d\u0443\u0442\u0430"},"schema":{"@context":"https:\/\/schema.org","@graph":[{"@type":"WebSite","@id":"https:\/\/seljak.me\/savjetuje\/#website","url":"https:\/\/seljak.me\/savjetuje\/","name":"Savjetuje","description":"Seljak savjetuje","potentialAction":[{"@type":"SearchAction","target":{"@type":"EntryPoint","urlTemplate":"https:\/\/seljak.me\/savjetuje\/?s={search_term_string}"},"query-input":"required name=search_term_string"}],"inLanguage":"sr-RS"},{"@type":"ImageObject","@id":"https:\/\/seljak.me\/savjetuje\/selo-sad-dodatnih-10-miliona-eura-za-sektor-poljoprivrede\/#primaryimage","inLanguage":"sr-RS","url":"https:\/\/seljak.me\/savjetuje\/wp-content\/uploads\/2021\/12\/vlada_crne_gore_2.jpg","contentUrl":"https:\/\/seljak.me\/savjetuje\/wp-content\/uploads\/2021\/12\/vlada_crne_gore_2.jpg","width":800,"height":437},{"@type":"WebPage","@id":"https:\/\/seljak.me\/savjetuje\/selo-sad-dodatnih-10-miliona-eura-za-sektor-poljoprivrede\/#webpage","url":"https:\/\/seljak.me\/savjetuje\/selo-sad-dodatnih-10-miliona-eura-za-sektor-poljoprivrede\/","name":"\"Selo sad\" - dodatnih 10 miliona eura za sektor poljoprivrede? - Savjetuje","isPartOf":{"@id":"https:\/\/seljak.me\/savjetuje\/#website"},"primaryImageOfPage":{"@id":"https:\/\/seljak.me\/savjetuje\/selo-sad-dodatnih-10-miliona-eura-za-sektor-poljoprivrede\/#primaryimage"},"datePublished":"2021-12-21T17:06:48+00:00","dateModified":"2021-12-21T17:06:48+00:00","author":{"@id":"https:\/\/seljak.me\/savjetuje\/#\/schema\/person\/ad6a49ffeabe4c23e78486ed84d77b10"},"breadcrumb":{"@id":"https:\/\/seljak.me\/savjetuje\/selo-sad-dodatnih-10-miliona-eura-za-sektor-poljoprivrede\/#breadcrumb"},"inLanguage":"sr-RS","potentialAction":[{"@type":"ReadAction","target":["https:\/\/seljak.me\/savjetuje\/selo-sad-dodatnih-10-miliona-eura-za-sektor-poljoprivrede\/"]}]},{"@type":"BreadcrumbList","@id":"https:\/\/seljak.me\/savjetuje\/selo-sad-dodatnih-10-miliona-eura-za-sektor-poljoprivrede\/#breadcrumb","itemListElement":[{"@type":"ListItem","position":1,"name":"Naslovna","item":"https:\/\/seljak.me\/savjetuje\/"},{"@type":"ListItem","position":2,"name":"&#8220;Selo sad&#8221; &#8211; dodatnih 10 miliona eura za sektor poljoprivrede?"}]},{"@type":"Person","@id":"https:\/\/seljak.me\/savjetuje\/#\/schema\/person\/ad6a49ffeabe4c23e78486ed84d77b10","name":"Seljak.me","image":{"@type":"ImageObject","@id":"https:\/\/seljak.me\/savjetuje\/#personlogo","inLanguage":"sr-RS","url":"https:\/\/seljak.me\/savjetuje\/wp-content\/uploads\/2021\/12\/savjetuje-logo-96x96.png","contentUrl":"https:\/\/seljak.me\/savjetuje\/wp-content\/uploads\/2021\/12\/savjetuje-logo-96x96.png","caption":"Seljak.me"},"sameAs":["admin"],"url":"https:\/\/seljak.me\/savjetuje\/author\/admin\/"}]}},"jetpack_featured_media_url":"https:\/\/seljak.me\/savjetuje\/wp-content\/uploads\/2021\/12\/vlada_crne_gore_2.jpg","jetpack-related-posts":[{"id":4455,"url":"https:\/\/seljak.me\/savjetuje\/vlada-usvojila-predlog-pruzanja-pomoci-proizvodacima-mlijeka\/","url_meta":{"origin":5840,"position":0},"title":"Vlada usvojila Predlog pru\u017eanja pomo\u0107i proizvo\u0111a\u010dima mlijeka","date":"02\/07\/2021","format":false,"excerpt":"Vlada Crne Gore je usvojila predlog Ministarstva poljoprivrede, \u0161umarstva i vodoprivrede o potrebi pru\u017eanja pomo\u0107i u iznosu od 210.736,93\u20ac proizvo\u0111a\u010dima mlijeka koji predaju mlijeko mljekarama i sirarama i proizvo\u0111a\u010dima koji vr\u0161e preradu mlijeka na gazdinstvu, u iznosu od 2 centa po litru za mjesec jun i jul 2021. godine. Ovo\u2026","rel":"","context":"In &quot;MP\u0160V&quot;","img":{"alt_text":"","src":"https:\/\/i0.wp.com\/seljak.me\/savjetuje\/wp-content\/uploads\/2021\/06\/podr\u0161ka-mljekarima.jpg?resize=350%2C200&ssl=1","width":350,"height":200},"classes":[]},{"id":14284,"url":"https:\/\/seljak.me\/savjetuje\/nastavak-info-kampanje-za-predstavljanje-agrobudzeta-za-2023-godinu-u-crnogorskim-opstinama\/","url_meta":{"origin":5840,"position":1},"title":"Nastavak info-kampanje za predstavljanje agrobud\u017eeta za 2023. godinu u crnogorskim op\u0161tinama","date":"14\/03\/2023","format":false,"excerpt":"U nastavku info kampanje, predstavnici Ministarstva poljoprivrede, \u0161umarstva i vodoprivrede predstavili su mjere podr\u0161ke agrobud\u017eeta za 2023. godinu i razgovarali sa poljoprivrednim proizvo\u0111a\u010dima u\u00a0Beranama, Kola\u0161inu, Andrijevici, Mojkovcu, \u017dabljaku, \u0160avniku, Cetinju\u00a0i\u00a0Budvi. Poljoprivrednim proizvo\u0111a\u010dima su prezentovane mogu\u0107nosti podr\u0161ke koje se opredjeljuju\u00a0Uredbom o uslovima, na\u010dinu i dinamici sprovo\u0111enja mjera agrarne politike za 2023.\u2026","rel":"","context":"In &quot;MP\u0160V&quot;","img":{"alt_text":"","src":"https:\/\/i0.wp.com\/seljak.me\/savjetuje\/wp-content\/uploads\/2023\/03\/1678703955bu8ahulwhdbdyrs7-i_747x498.jpg?resize=350%2C200&ssl=1","width":350,"height":200},"classes":[]},{"id":14688,"url":"https:\/\/seljak.me\/savjetuje\/dodjela-podrske-za-izgradnju-bunara-i-bistijerni-za-2023-godinu\/","url_meta":{"origin":5840,"position":2},"title":"Dodjela podr\u0161ke za izgradnju bunara i bistijerni za 2023. godinu","date":"31\/03\/2023","format":false,"excerpt":"Ministarstvo poljoprivrede, \u0161umarstva i vodoprivrede, kroz Agrobud\u017eet za 2023. godinu objavilo je danas\u00a0Javni poziv za dodjelu sredstava podr\u0161ke investicijama u izgradnju bunara i bistijerni za ovu godinu. Ukupno 350.000\u20ac je na raspolaganju poljoprivrednim gazdistvima koja ispune uslove Javnog poziva. Registrovana poljoprivredna gazdinstva koja ispunjavaju specifi\u010dne kriterijume prihvatljivosti prikazane u Javnom\u2026","rel":"","context":"In &quot;MP\u0160V&quot;","img":{"alt_text":"","src":"https:\/\/i0.wp.com\/seljak.me\/savjetuje\/wp-content\/uploads\/2023\/03\/gov-seo-default.jpg?resize=350%2C200&ssl=1","width":350,"height":200},"classes":[]},{"id":4332,"url":"https:\/\/seljak.me\/savjetuje\/ministarstvo-poljoprivrede-stocarima-se-moze-obezbijediti-hitna-pomoc-za-jun-i-jul\/","url_meta":{"origin":5840,"position":3},"title":"Ministarstvo poljoprivrede: Sto\u010darima se mo\u017ee obezbijediti hitna pomo\u0107 za jun i jul","date":"23\/06\/2021","format":false,"excerpt":"\u00a0 Nakon zahtjeva proizvo\u0111a\u010da iz mljekarskog sektora u kojem tra\u017ee da Vlada izdvoji novac iz rezerve bud\u017eeta i da im plati po 0,05 eura po litru proizvedenog mlijeka od 1. januara 2021. do stabilizacije tr\u017ei\u0161ta sto\u010dne hrane, reagovali su iz Ministarstva poljoprivrede, \u0161umarstva i vodoprivrede i poru\u010dili da se sto\u010darima\u2026","rel":"","context":"In &quot;Novosti&quot;","img":{"alt_text":"","src":"https:\/\/i0.wp.com\/seljak.me\/savjetuje\/wp-content\/uploads\/2021\/06\/1624388535qagmzoba8e4nwvul-i_1920x1280.jpg?resize=350%2C200&ssl=1","width":350,"height":200},"classes":[]},{"id":3597,"url":"https:\/\/seljak.me\/savjetuje\/objavljen-treci-ipard-javni-poziv-za-podrsku-preradivackom-sektoru\/","url_meta":{"origin":5840,"position":4},"title":"Objavljen tre\u0107i IPARD Javni poziv za podr\u0161ku prera\u0111iva\u010dkom sektoru","date":"17\/12\/2020","format":false,"excerpt":"Nakon javnih poziva za podr\u0161ku preradi kroz IPARD program objavljenih u 2018. i 2019. godini, Ministarstvo poljoprivrede, \u0161umarstva i vodoprivrede uz finasijsku potporu Evropske unije nastavlja sa dodjelom podr\u0161ke kroz novi javni poziv koji je danas objavljen.Ministar poljoprivrede, \u0161umarstva i vodoprivrede, gospodin Aleksandar Stijovi\u0107, danas je zajedno sa \u0161eficom Delegacije\u2026","rel":"","context":"In &quot;MP\u0160V&quot;","img":{"alt_text":"","src":"https:\/\/i0.wp.com\/seljak.me\/savjetuje\/wp-content\/uploads\/2020\/12\/GetImage.jpg?resize=350%2C200&ssl=1","width":350,"height":200},"classes":[]},{"id":7726,"url":"https:\/\/seljak.me\/savjetuje\/dodatna-sredstva-za-poljoprivredu\/","url_meta":{"origin":5840,"position":5},"title":"Dodatna sredstva za poljoprivredu","date":"12\/03\/2022","format":false,"excerpt":"Ministarstvo finansija i socijalnog staranja, Ministarstvo poljoprivrede, \u0161umarstva i vodoprivrede i Ministarstvo ekonomskog razvoja pripremilo je set mjera kao podr\u0161ku privredi i gra\u0111anima koji je vrijedan izme\u0111u 20 i 50 miliona eura, kao odgovor na ratna de\u0161avanja u Ukrajini \u010dije ekonomske posljedice se osje\u0107aju i u Crnoj Gori. Taj paket\u2026","rel":"","context":"In &quot;MP\u0160V&quot;","img":{"alt_text":"","src":"https:\/\/i0.wp.com\/seljak.me\/savjetuje\/wp-content\/uploads\/2022\/03\/5397117_viber-slika-20220312-132717646_ls.jpg?resize=350%2C200&ssl=1","width":350,"height":200},"classes":[]}],"_links":{"self":[{"href":"https:\/\/seljak.me\/savjetuje\/wp-json\/wp\/v2\/posts\/5840"}],"collection":[{"href":"https:\/\/seljak.me\/savjetuje\/wp-json\/wp\/v2\/posts"}],"about":[{"href":"https:\/\/seljak.me\/savjetuje\/wp-json\/wp\/v2\/types\/post"}],"author":[{"embeddable":true,"href":"https:\/\/seljak.me\/savjetuje\/wp-json\/wp\/v2\/users\/1"}],"replies":[{"embeddable":true,"href":"https:\/\/seljak.me\/savjetuje\/wp-json\/wp\/v2\/comments?post=5840"}],"version-history":[{"count":1,"href":"https:\/\/seljak.me\/savjetuje\/wp-json\/wp\/v2\/posts\/5840\/revisions"}],"predecessor-version":[{"id":5842,"href":"https:\/\/seljak.me\/savjetuje\/wp-json\/wp\/v2\/posts\/5840\/revisions\/5842"}],"wp:featuredmedia":[{"embeddable":true,"href":"https:\/\/seljak.me\/savjetuje\/wp-json\/wp\/v2\/media\/5841"}],"wp:attachment":[{"href":"https:\/\/seljak.me\/savjetuje\/wp-json\/wp\/v2\/media?parent=5840"}],"wp:term":[{"taxonomy":"category","embeddable":true,"href":"https:\/\/seljak.me\/savjetuje\/wp-json\/wp\/v2\/categories?post=5840"},{"taxonomy":"post_tag","embeddable":true,"href":"https:\/\/seljak.me\/savjetuje\/wp-json\/wp\/v2\/tags?post=5840"}],"curies":[{"name":"wp","href":"https:\/\/api.w.org\/{rel}","templated":true}]}}