{"id":5314,"date":"2021-10-18T12:46:57","date_gmt":"2021-10-18T12:46:57","guid":{"rendered":"https:\/\/seljak.me\/savjetuje\/?p=5314"},"modified":"2021-10-18T12:46:57","modified_gmt":"2021-10-18T12:46:57","slug":"ministarstvo-odrzan-sastanak-sa-savezom-stocara-crne-gore","status":"publish","type":"post","link":"https:\/\/seljak.me\/savjetuje\/ministarstvo-odrzan-sastanak-sa-savezom-stocara-crne-gore\/","title":{"rendered":"Ministarstvo: Odr\u017ean sastanak sa Savezom sto\u010dara Crne Gore"},"content":{"rendered":"<p style=\"text-align: justify;\">U prostorijama Ministarstva poljoprivrede, \u0161umarstva i vodoprivrede odr\u017ean sastanak sa predstavnicima novoformiranog Saveza sto\u010dara Crne Gore.<\/p>\n<p style=\"text-align: justify;\">Generalni direktor Direktorata za poljoprivredu mr Miroslav Cimbaljevi\u0107 i generalna direktorica Direktorata za ruralni razvoj Andrijana Rako\u010devi\u0107 u ponedeljak 18. oktobra razgovarali su sa predstavnicima Saveza sto\u010dara na temu aktuelnog stanja u sto\u010darskom sektoru.<br \/>\nU ime Saveza sastanku su prisustvovali predsjednik Milko \u017divkovi\u0107, Aleska Kosti\u0107, Milan Ikovi\u0107 i \u010caslav Vuk\u010devi\u0107.<\/p>\n<p style=\"text-align: justify;\">Sastanak je organizovan sa ciljem pobolj\u0161anja uslova u sto\u010dnoj proizvodnji i pronala\u017eenja najboljih modela za saradnju u narednom periodu. Predstavnici novoformiranog Saveza su predo\u010dili inicijative i predloge mjera za sektor sto\u010darstva koje \u0107e biti razmotrene pri izradi #Agrobud\u017eet za idu\u0107u godinu.<\/p>\n<p style=\"text-align: justify;\">Direktorica za ruralni razvoj Andrijana Rako\u010devi\u0107 je sagovornike upoznala sa dijelom procedure i mogu\u0107nostima osnivanja proizvo\u0111a\u010dke organizacije, \u0161to bi udru\u017eenju otvorilo dodatne pogodnosti i olak\u0161alo dalju djelatnost.<\/p>\n<p style=\"text-align: justify;\">Sagovornici su se saglasili da se kroz dalju saradnju i zajedni\u010dke aktivnosti Ministarstva i udru\u017eenja otvara prostor za unapre\u0111enje sto\u010darskog sektora i za\u0161tite crnogorskog sela.<\/p>\n","protected":false},"excerpt":{"rendered":"<p>U prostorijama Ministarstva poljoprivrede, \u0161umarstva i vodoprivrede odr\u017ean sastanak sa predstavnicima novoformiranog Saveza sto\u010dara Crne Gore. Generalni direktor Direktorata za poljoprivredu mr Miroslav Cimbaljevi\u0107 i generalna direktorica Direktorata za ruralni razvoj Andrijana Rako\u010devi\u0107 u ponedeljak 18. oktobra razgovarali su sa predstavnicima Saveza sto\u010dara na temu aktuelnog stanja u sto\u010darskom sektoru. U ime Saveza sastanku su&#8230;<a class=\"btnReadMore\" href=\"https:\/\/seljak.me\/savjetuje\/ministarstvo-odrzan-sastanak-sa-savezom-stocara-crne-gore\/\"> Pro\u010ditajte vi\u0161e&#8230;<\/a><\/p>\n","protected":false},"author":1,"featured_media":5315,"comment_status":"closed","ping_status":"closed","sticky":false,"template":"","format":"standard","meta":{"ngg_post_thumbnail":0,"spay_email":""},"categories":[37],"tags":[],"yoast_head":"<!-- This site is optimized with the Yoast SEO plugin v17.7.1 - https:\/\/yoast.com\/wordpress\/plugins\/seo\/ -->\n<title>Ministarstvo: Odr\u017ean sastanak sa Savezom sto\u010dara Crne Gore - Savjetuje<\/title>\n<meta name=\"robots\" content=\"index, follow, max-snippet:-1, max-image-preview:large, max-video-preview:-1\" \/>\n<link rel=\"canonical\" href=\"https:\/\/seljak.me\/savjetuje\/ministarstvo-odrzan-sastanak-sa-savezom-stocara-crne-gore\/\" \/>\n<meta property=\"og:locale\" content=\"sr_RS\" \/>\n<meta property=\"og:type\" content=\"article\" \/>\n<meta property=\"og:title\" content=\"Ministarstvo: Odr\u017ean sastanak sa Savezom sto\u010dara Crne Gore - Savjetuje\" \/>\n<meta property=\"og:description\" content=\"U prostorijama Ministarstva poljoprivrede, \u0161umarstva i vodoprivrede odr\u017ean sastanak sa predstavnicima novoformiranog Saveza sto\u010dara Crne Gore. Generalni direktor Direktorata za poljoprivredu mr Miroslav Cimbaljevi\u0107 i generalna direktorica Direktorata za ruralni razvoj Andrijana Rako\u010devi\u0107 u ponedeljak 18. oktobra razgovarali su sa predstavnicima Saveza sto\u010dara na temu aktuelnog stanja u sto\u010darskom sektoru. U ime Saveza sastanku su... Pro\u010ditajte vi\u0161e...\" \/>\n<meta property=\"og:url\" content=\"https:\/\/seljak.me\/savjetuje\/ministarstvo-odrzan-sastanak-sa-savezom-stocara-crne-gore\/\" \/>\n<meta property=\"og:site_name\" content=\"Savjetuje\" \/>\n<meta property=\"article:publisher\" content=\"https:\/\/www.facebook.com\/seljak.me\/\" \/>\n<meta property=\"article:published_time\" content=\"2021-10-18T12:46:57+00:00\" \/>\n<meta property=\"og:image\" content=\"https:\/\/seljak.me\/savjetuje\/wp-content\/uploads\/2021\/10\/246488447_4341282155925935_2417807043843254001_n.jpg\" \/>\n\t<meta property=\"og:image:width\" content=\"1440\" \/>\n\t<meta property=\"og:image:height\" content=\"960\" \/>\n<meta name=\"twitter:card\" content=\"summary_large_image\" \/>\n<meta name=\"twitter:label1\" content=\"Written by\" \/>\n\t<meta name=\"twitter:data1\" content=\"Seljak.me\" \/>\n\t<meta name=\"twitter:label2\" content=\"Est. reading time\" \/>\n\t<meta name=\"twitter:data2\" content=\"1 \u043c\u0438\u043d\u0443\u0442\" \/>\n<script type=\"application\/ld+json\" class=\"yoast-schema-graph\">{\"@context\":\"https:\/\/schema.org\",\"@graph\":[{\"@type\":\"WebSite\",\"@id\":\"https:\/\/seljak.me\/savjetuje\/#website\",\"url\":\"https:\/\/seljak.me\/savjetuje\/\",\"name\":\"Savjetuje\",\"description\":\"Seljak savjetuje\",\"potentialAction\":[{\"@type\":\"SearchAction\",\"target\":{\"@type\":\"EntryPoint\",\"urlTemplate\":\"https:\/\/seljak.me\/savjetuje\/?s={search_term_string}\"},\"query-input\":\"required name=search_term_string\"}],\"inLanguage\":\"sr-RS\"},{\"@type\":\"ImageObject\",\"@id\":\"https:\/\/seljak.me\/savjetuje\/ministarstvo-odrzan-sastanak-sa-savezom-stocara-crne-gore\/#primaryimage\",\"inLanguage\":\"sr-RS\",\"url\":\"https:\/\/seljak.me\/savjetuje\/wp-content\/uploads\/2021\/10\/246488447_4341282155925935_2417807043843254001_n.jpg\",\"contentUrl\":\"https:\/\/seljak.me\/savjetuje\/wp-content\/uploads\/2021\/10\/246488447_4341282155925935_2417807043843254001_n.jpg\",\"width\":1440,\"height\":960},{\"@type\":\"WebPage\",\"@id\":\"https:\/\/seljak.me\/savjetuje\/ministarstvo-odrzan-sastanak-sa-savezom-stocara-crne-gore\/#webpage\",\"url\":\"https:\/\/seljak.me\/savjetuje\/ministarstvo-odrzan-sastanak-sa-savezom-stocara-crne-gore\/\",\"name\":\"Ministarstvo: Odr\\u017ean sastanak sa Savezom sto\\u010dara Crne Gore - Savjetuje\",\"isPartOf\":{\"@id\":\"https:\/\/seljak.me\/savjetuje\/#website\"},\"primaryImageOfPage\":{\"@id\":\"https:\/\/seljak.me\/savjetuje\/ministarstvo-odrzan-sastanak-sa-savezom-stocara-crne-gore\/#primaryimage\"},\"datePublished\":\"2021-10-18T12:46:57+00:00\",\"dateModified\":\"2021-10-18T12:46:57+00:00\",\"author\":{\"@id\":\"https:\/\/seljak.me\/savjetuje\/#\/schema\/person\/ad6a49ffeabe4c23e78486ed84d77b10\"},\"breadcrumb\":{\"@id\":\"https:\/\/seljak.me\/savjetuje\/ministarstvo-odrzan-sastanak-sa-savezom-stocara-crne-gore\/#breadcrumb\"},\"inLanguage\":\"sr-RS\",\"potentialAction\":[{\"@type\":\"ReadAction\",\"target\":[\"https:\/\/seljak.me\/savjetuje\/ministarstvo-odrzan-sastanak-sa-savezom-stocara-crne-gore\/\"]}]},{\"@type\":\"BreadcrumbList\",\"@id\":\"https:\/\/seljak.me\/savjetuje\/ministarstvo-odrzan-sastanak-sa-savezom-stocara-crne-gore\/#breadcrumb\",\"itemListElement\":[{\"@type\":\"ListItem\",\"position\":1,\"name\":\"Naslovna\",\"item\":\"https:\/\/seljak.me\/savjetuje\/\"},{\"@type\":\"ListItem\",\"position\":2,\"name\":\"Ministarstvo: Odr\\u017ean sastanak sa Savezom sto\\u010dara Crne Gore\"}]},{\"@type\":\"Person\",\"@id\":\"https:\/\/seljak.me\/savjetuje\/#\/schema\/person\/ad6a49ffeabe4c23e78486ed84d77b10\",\"name\":\"Seljak.me\",\"image\":{\"@type\":\"ImageObject\",\"@id\":\"https:\/\/seljak.me\/savjetuje\/#personlogo\",\"inLanguage\":\"sr-RS\",\"url\":\"https:\/\/seljak.me\/savjetuje\/wp-content\/uploads\/2021\/12\/savjetuje-logo-96x96.png\",\"contentUrl\":\"https:\/\/seljak.me\/savjetuje\/wp-content\/uploads\/2021\/12\/savjetuje-logo-96x96.png\",\"caption\":\"Seljak.me\"},\"sameAs\":[\"admin\"],\"url\":\"https:\/\/seljak.me\/savjetuje\/author\/admin\/\"}]}<\/script>\n<!-- \/ Yoast SEO plugin. -->","yoast_head_json":{"title":"Ministarstvo: Odr\u017ean sastanak sa Savezom sto\u010dara Crne Gore - Savjetuje","robots":{"index":"index","follow":"follow","max-snippet":"max-snippet:-1","max-image-preview":"max-image-preview:large","max-video-preview":"max-video-preview:-1"},"canonical":"https:\/\/seljak.me\/savjetuje\/ministarstvo-odrzan-sastanak-sa-savezom-stocara-crne-gore\/","og_locale":"sr_RS","og_type":"article","og_title":"Ministarstvo: Odr\u017ean sastanak sa Savezom sto\u010dara Crne Gore - Savjetuje","og_description":"U prostorijama Ministarstva poljoprivrede, \u0161umarstva i vodoprivrede odr\u017ean sastanak sa predstavnicima novoformiranog Saveza sto\u010dara Crne Gore. Generalni direktor Direktorata za poljoprivredu mr Miroslav Cimbaljevi\u0107 i generalna direktorica Direktorata za ruralni razvoj Andrijana Rako\u010devi\u0107 u ponedeljak 18. oktobra razgovarali su sa predstavnicima Saveza sto\u010dara na temu aktuelnog stanja u sto\u010darskom sektoru. U ime Saveza sastanku su... Pro\u010ditajte vi\u0161e...","og_url":"https:\/\/seljak.me\/savjetuje\/ministarstvo-odrzan-sastanak-sa-savezom-stocara-crne-gore\/","og_site_name":"Savjetuje","article_publisher":"https:\/\/www.facebook.com\/seljak.me\/","article_published_time":"2021-10-18T12:46:57+00:00","og_image":[{"width":1440,"height":960,"url":"https:\/\/seljak.me\/savjetuje\/wp-content\/uploads\/2021\/10\/246488447_4341282155925935_2417807043843254001_n.jpg","type":"image\/jpeg"}],"twitter_card":"summary_large_image","twitter_misc":{"Written by":"Seljak.me","Est. reading time":"1 \u043c\u0438\u043d\u0443\u0442"},"schema":{"@context":"https:\/\/schema.org","@graph":[{"@type":"WebSite","@id":"https:\/\/seljak.me\/savjetuje\/#website","url":"https:\/\/seljak.me\/savjetuje\/","name":"Savjetuje","description":"Seljak savjetuje","potentialAction":[{"@type":"SearchAction","target":{"@type":"EntryPoint","urlTemplate":"https:\/\/seljak.me\/savjetuje\/?s={search_term_string}"},"query-input":"required name=search_term_string"}],"inLanguage":"sr-RS"},{"@type":"ImageObject","@id":"https:\/\/seljak.me\/savjetuje\/ministarstvo-odrzan-sastanak-sa-savezom-stocara-crne-gore\/#primaryimage","inLanguage":"sr-RS","url":"https:\/\/seljak.me\/savjetuje\/wp-content\/uploads\/2021\/10\/246488447_4341282155925935_2417807043843254001_n.jpg","contentUrl":"https:\/\/seljak.me\/savjetuje\/wp-content\/uploads\/2021\/10\/246488447_4341282155925935_2417807043843254001_n.jpg","width":1440,"height":960},{"@type":"WebPage","@id":"https:\/\/seljak.me\/savjetuje\/ministarstvo-odrzan-sastanak-sa-savezom-stocara-crne-gore\/#webpage","url":"https:\/\/seljak.me\/savjetuje\/ministarstvo-odrzan-sastanak-sa-savezom-stocara-crne-gore\/","name":"Ministarstvo: Odr\u017ean sastanak sa Savezom sto\u010dara Crne Gore - Savjetuje","isPartOf":{"@id":"https:\/\/seljak.me\/savjetuje\/#website"},"primaryImageOfPage":{"@id":"https:\/\/seljak.me\/savjetuje\/ministarstvo-odrzan-sastanak-sa-savezom-stocara-crne-gore\/#primaryimage"},"datePublished":"2021-10-18T12:46:57+00:00","dateModified":"2021-10-18T12:46:57+00:00","author":{"@id":"https:\/\/seljak.me\/savjetuje\/#\/schema\/person\/ad6a49ffeabe4c23e78486ed84d77b10"},"breadcrumb":{"@id":"https:\/\/seljak.me\/savjetuje\/ministarstvo-odrzan-sastanak-sa-savezom-stocara-crne-gore\/#breadcrumb"},"inLanguage":"sr-RS","potentialAction":[{"@type":"ReadAction","target":["https:\/\/seljak.me\/savjetuje\/ministarstvo-odrzan-sastanak-sa-savezom-stocara-crne-gore\/"]}]},{"@type":"BreadcrumbList","@id":"https:\/\/seljak.me\/savjetuje\/ministarstvo-odrzan-sastanak-sa-savezom-stocara-crne-gore\/#breadcrumb","itemListElement":[{"@type":"ListItem","position":1,"name":"Naslovna","item":"https:\/\/seljak.me\/savjetuje\/"},{"@type":"ListItem","position":2,"name":"Ministarstvo: Odr\u017ean sastanak sa Savezom sto\u010dara Crne Gore"}]},{"@type":"Person","@id":"https:\/\/seljak.me\/savjetuje\/#\/schema\/person\/ad6a49ffeabe4c23e78486ed84d77b10","name":"Seljak.me","image":{"@type":"ImageObject","@id":"https:\/\/seljak.me\/savjetuje\/#personlogo","inLanguage":"sr-RS","url":"https:\/\/seljak.me\/savjetuje\/wp-content\/uploads\/2021\/12\/savjetuje-logo-96x96.png","contentUrl":"https:\/\/seljak.me\/savjetuje\/wp-content\/uploads\/2021\/12\/savjetuje-logo-96x96.png","caption":"Seljak.me"},"sameAs":["admin"],"url":"https:\/\/seljak.me\/savjetuje\/author\/admin\/"}]}},"jetpack_featured_media_url":"https:\/\/seljak.me\/savjetuje\/wp-content\/uploads\/2021\/10\/246488447_4341282155925935_2417807043843254001_n.jpg","jetpack-related-posts":[{"id":5797,"url":"https:\/\/seljak.me\/savjetuje\/sledece-godine-vise-sredstava-za-pcelare\/","url_meta":{"origin":5314,"position":0},"title":"Slede\u0107e godine vi\u0161e sredstava za p\u010delare","date":"16\/12\/2021","format":false,"excerpt":"Danas je u Ku\u0107i meda u Danilovgradu odr\u017ean sastanak predstavnika Ministarstva poljoprivrede, \u0161umarstva i vodoprivrede - dr\u017eavnog sekretara\u00a0mr Neboj\u0161e Veli\u010dkovi\u0107a\u00a0sa predstavnicima\u00a0Saveza p\u010delarskih organizacija Crne Gore\u00a0na temu mjera Agrobud\u017eeta za 2022. godinu. Predsjednik SPOCG Radule Miljani\u0107 sa predstavnicima Udru\u017eenja p\u010delara, predstavio je poglede p\u010delara na mjere koje su realizovane u teku\u0107oj\u2026","rel":"","context":"In &quot;Novosti&quot;","img":{"alt_text":"","src":"https:\/\/i0.wp.com\/seljak.me\/savjetuje\/wp-content\/uploads\/2021\/12\/Untitled-1-2.jpg?resize=350%2C200&ssl=1","width":350,"height":200},"classes":[]},{"id":8327,"url":"https:\/\/seljak.me\/savjetuje\/stijovic-i-spajic-sa-predstavnicima-udruzenja-stocara-vlada-crne-gore-ce-dodatno-podrzati-crnogorske-poljoprivrednike\/","url_meta":{"origin":5314,"position":1},"title":"Stijovi\u0107 i Spaji\u0107 sa predstavnicima Udru\u017eenja sto\u010dara: Vlada Crne Gore \u0107e dodatno podr\u017eati crnogorske poljoprivrednike","date":"30\/03\/2022","format":false,"excerpt":"Ministar poljoprivrede, \u0161umarstva i vodoprivrede\u00a0Aleksandar Stijovi\u0107\u00a0i ministar finansija i socijalnog staranja\u00a0Milojko Spaji\u0107\u00a0danas su odr\u017eali sastanak sa predstavnicima Udru\u017eenja sto\u010dara Crne Gore na kome su razgovarali o modalitetima za rje\u0161avanje problema u mljekarskom sektoru . Ministri\u00a0Stijovi\u0107\u00a0i\u00a0Spaji\u0107\u00a0su na sastanku sa proizvo\u0111a\u010dima iznijeli predlog mjera, koje bi po usvajanju bile usmjerene na podr\u0161ku\u2026","rel":"","context":"In &quot;Novosti&quot;","img":{"alt_text":"","src":"https:\/\/i0.wp.com\/seljak.me\/savjetuje\/wp-content\/uploads\/2022\/03\/1648653230i4iteoeyenyh5xkg-i_747x498.jpg?resize=350%2C200&ssl=1","width":350,"height":200},"classes":[]},{"id":16520,"url":"https:\/\/seljak.me\/savjetuje\/odrzan-sastanak-sa-predstavnicima-irf-a\/","url_meta":{"origin":5314,"position":2},"title":"Odr\u017ean sastanak sa predstavnicima IRF-a","date":"16\/04\/2024","format":false,"excerpt":"Predstavnici Ministarstva poljoprivrede, \u0161umarstva i vodoprivrede i Investiciono-razvojnog fonda Crne Gore odr\u017eali su sastanak na temu implementacija mjera IPARD programa. U fokusu je bio peti Javni poziv za dodjelu sredstava podr\u0161ke za Mjeru 1 \u201eInvesticije u fizi\u010dki kapital poljoprivrednih gazdinstava\u201c \u010dija realizacija investicija je u toku. Istaknuto je da \u0107e\u2026","rel":"","context":"In &quot;MP\u0160V&quot;","img":{"alt_text":"","src":"https:\/\/i0.wp.com\/seljak.me\/savjetuje\/wp-content\/uploads\/2024\/04\/1713181764tlkvg11rrujtcd9m-i_747x498.jpg?resize=350%2C200&ssl=1","width":350,"height":200},"classes":[]},{"id":5130,"url":"https:\/\/seljak.me\/savjetuje\/odrzan-sastanak-sa-predstavnicima-mljekarskog-sektora\/","url_meta":{"origin":5314,"position":3},"title":"Odr\u017ean sastanak sa predstavnicima mljekarskog sektora","date":"03\/09\/2021","format":false,"excerpt":"\u00a0 Generalni direktor Direktorata za poljoprivredu\u00a0mr\u00a0Miroslav Cimbaljevi\u0107\u00a0i na\u010delnik Direkcije za sto\u010darstvo\u00a0Ranko Bogavac\u00a0 u prostorijama Ministarstva poljoprivrede, \u0161umarstva i vodoprivrede su odr\u017eali sastanak sa \u00a0predstavnicima 3 najve\u0107e mljekare u Crnoj Gori kao i sa predstavnicima Privredne komore na temu uslova i daljeg razvoja mljekarskog sektora. Ispred mljekare Lazine sastanku je prisustvovao\u00a0Milutin\u2026","rel":"","context":"In &quot;MP\u0160V&quot;","img":{"alt_text":"","src":"https:\/\/i0.wp.com\/seljak.me\/savjetuje\/wp-content\/uploads\/2021\/09\/1630604199ymu9iamweul89phf-i_1920x1280.jpg?resize=350%2C200&ssl=1","width":350,"height":200},"classes":[]},{"id":12466,"url":"https:\/\/seljak.me\/savjetuje\/zavrsen-sastanak-predstavnika-stocara-i-ministarstva-poljoprivrede-sumarstva-i-vodoprivrede-nista-prije-2023-godine\/","url_meta":{"origin":5314,"position":4},"title":"Zavr\u0161en sastanak predstavnika sto\u010dara i Ministarstva poljoprivrede, \u0161umarstva i vodoprivrede Ni\u0161ta prije 2023. godine","date":"28\/11\/2022","format":false,"excerpt":"Danas 28.11.2022. godine u Ministarstvu poljoprivrede, \u0161umarstva i vodoprivrede odr\u017ean je sastanak sa poljoprivrednicima. Razgovarali smo sa sekretarom Udru\u017eenja sto\u010dara Danilovgrada i \u010dlanom Saveza sto\u010dara Crne Gore, Vladom Laki\u0107em i sa dr\u017eavnim sekretarom u Ministarstvu poljoprivrede Budimirom Mugo\u0161om. Vlado Laki\u0107 navodi:\u00a0 Na dana\u0161njem sastanku iznijeto je niz mjera i zahtjeva.\u2026","rel":"","context":"In &quot;MP\u0160V&quot;","img":{"alt_text":"","src":"https:\/\/i0.wp.com\/seljak.me\/savjetuje\/wp-content\/uploads\/2022\/11\/IMG_20221128_120415-scaled.jpg?resize=350%2C200&ssl=1","width":350,"height":200},"classes":[]},{"id":7937,"url":"https:\/\/seljak.me\/savjetuje\/stocari-traze-otkupna-cijena-mlijeka-70-centi-ili-protesti\/","url_meta":{"origin":5314,"position":5},"title":"Sto\u010dari tra\u017ee: Otkupna cijena mlijeka 70 centi ili protesti","date":"19\/03\/2022","format":false,"excerpt":"U Savezu sto\u010dara tra\u017ee da prosje\u010dna otkupna cijena mlijeka bude 70 centi, saop\u0161teno je na ju\u010dera\u0161njem sastanku sa otkupljiva\u010dima prera\u0111iva\u010dima u organizaciji Ministarstva poljoprivrede. Iz Saveza sto\u010dara najavljuju obustave isporuke mlijeka, uli\u010dne proteste i zatvaranje farmi ukoliko ne do\u0111e do dogovora. \"Neophodno je da otkupna cijena bude na nivou cijene\u2026","rel":"","context":"In &quot;Izvje\u0161taji o cijenama&quot;","img":{"alt_text":"Pouring milk","src":"https:\/\/i0.wp.com\/seljak.me\/savjetuje\/wp-content\/uploads\/2022\/03\/pouring-milk.jpg?resize=350%2C200&ssl=1","width":350,"height":200},"classes":[]}],"_links":{"self":[{"href":"https:\/\/seljak.me\/savjetuje\/wp-json\/wp\/v2\/posts\/5314"}],"collection":[{"href":"https:\/\/seljak.me\/savjetuje\/wp-json\/wp\/v2\/posts"}],"about":[{"href":"https:\/\/seljak.me\/savjetuje\/wp-json\/wp\/v2\/types\/post"}],"author":[{"embeddable":true,"href":"https:\/\/seljak.me\/savjetuje\/wp-json\/wp\/v2\/users\/1"}],"replies":[{"embeddable":true,"href":"https:\/\/seljak.me\/savjetuje\/wp-json\/wp\/v2\/comments?post=5314"}],"version-history":[{"count":1,"href":"https:\/\/seljak.me\/savjetuje\/wp-json\/wp\/v2\/posts\/5314\/revisions"}],"predecessor-version":[{"id":5316,"href":"https:\/\/seljak.me\/savjetuje\/wp-json\/wp\/v2\/posts\/5314\/revisions\/5316"}],"wp:featuredmedia":[{"embeddable":true,"href":"https:\/\/seljak.me\/savjetuje\/wp-json\/wp\/v2\/media\/5315"}],"wp:attachment":[{"href":"https:\/\/seljak.me\/savjetuje\/wp-json\/wp\/v2\/media?parent=5314"}],"wp:term":[{"taxonomy":"category","embeddable":true,"href":"https:\/\/seljak.me\/savjetuje\/wp-json\/wp\/v2\/categories?post=5314"},{"taxonomy":"post_tag","embeddable":true,"href":"https:\/\/seljak.me\/savjetuje\/wp-json\/wp\/v2\/tags?post=5314"}],"curies":[{"name":"wp","href":"https:\/\/api.w.org\/{rel}","templated":true}]}}