{"id":5223,"date":"2021-09-30T10:17:08","date_gmt":"2021-09-30T10:17:08","guid":{"rendered":"https:\/\/seljak.me\/savjetuje\/?p=5223"},"modified":"2021-09-30T10:17:08","modified_gmt":"2021-09-30T10:17:08","slug":"zavrsne-aktivnosti-u-okviru-projekta-kuca-masline","status":"publish","type":"post","link":"https:\/\/seljak.me\/savjetuje\/zavrsne-aktivnosti-u-okviru-projekta-kuca-masline\/","title":{"rendered":"Zavr\u0161ne aktivnosti u okviru projekta \u201eKu\u0107a masline\u201c"},"content":{"rendered":"<p style=\"text-align: justify;\">Na inicijativu\u00a0<strong>Ministarstva poljoprivrede, \u0161umarstva i vodoprivrede<\/strong>\u00a0u \u00a0prostorijama ministarstva odr\u017ean je sastanak sa predstavnikom\u00a0<strong>Uprave javnih radova<\/strong>, predstavnikom\u00a0<strong>Op\u0161tine Bar<\/strong>\u00a0i predstavnikom\u00a0<strong>udru\u017eenja maslinara Bara.<\/strong><\/p>\n<p style=\"text-align: justify;\">Ispred Ministarstva sastanku su prisustvovali\u00a0<strong>mr Miroslav Cimbaljevi\u0107<\/strong>, generalni direktor Direktorata za poljoprivredu,\u00a0<strong>Milivoje Sai\u010di\u0107<\/strong>, sekretar ministarstva i\u00a0<strong>mr Dubravka Radulovi\u0107<\/strong>, savjetnica za maslinarstvo u Ministarstvu poljoprivrede, \u0161umarstva i vodoprivrede.<\/p>\n<p style=\"text-align: justify;\">Teme pomenutog sastanka bile su zavr\u0161ne aktivnosti na projektu \u201eKu\u0107a maslina\u201c u Baru.<\/p>\n<p style=\"text-align: justify;\">Cilj sastanka bio je da se u neposrednom razgovoru defini\u0161u dalji koraci, kako bi se objekat, koji se nalazi u Starom Baru, a koji \u0107e biti centar crnogorskog maslinarstva, i koji je zna\u010dajan ne samo za maslinarstvo ve\u0107 i za poljoprivredu i turizam, stavio u funkciju.<\/p>\n<p style=\"text-align: justify;\">Kako su gra\u0111evinski radovi na objektu zavr\u0161eni, na sastanku je definisano da je dalje potrebno uknji\u017eiti objekat nakon dobijanja upotrebne dozvole, zatim definisati upravljanje njime, opremiti unutra\u0161njost, i instalirati opremu za proizvodnju maslinovog ulja.<\/p>\n<p style=\"text-align: justify;\">Iako su pomenute aktivnosti ve\u0107 zapo\u010dete, zaklju\u010deno je da \u0107e svako iz svojih nadle\u017enosti intenzivirati dogovorene aktivnosti, kako bi zajedni\u010dki u \u0161to kra\u0107em roku do\u0161li do cilja, a to je valorizacija ovog vrijednog objekta, u kome \u0107e se osim proizvodnje maslinovog ulja po standardima EU, promovisati i ostali doma\u0107i proizvodi poput meda ili vina, odr\u017eavati edukativne radionice i seminari, a koji \u0107e zbog svoje odli\u010dne lokacije biti i otvoren za turiste koji tokom \u010ditave godine posje\u0107uju \u00a0Stari Bar.<\/p>\n","protected":false},"excerpt":{"rendered":"<p>Na inicijativu\u00a0Ministarstva poljoprivrede, \u0161umarstva i vodoprivrede\u00a0u \u00a0prostorijama ministarstva odr\u017ean je sastanak sa predstavnikom\u00a0Uprave javnih radova, predstavnikom\u00a0Op\u0161tine Bar\u00a0i predstavnikom\u00a0udru\u017eenja maslinara Bara. Ispred Ministarstva sastanku su prisustvovali\u00a0mr Miroslav Cimbaljevi\u0107, generalni direktor Direktorata za poljoprivredu,\u00a0Milivoje Sai\u010di\u0107, sekretar ministarstva i\u00a0mr Dubravka Radulovi\u0107, savjetnica za maslinarstvo u Ministarstvu poljoprivrede, \u0161umarstva i vodoprivrede. Teme pomenutog sastanka bile su zavr\u0161ne aktivnosti na&#8230;<a class=\"btnReadMore\" href=\"https:\/\/seljak.me\/savjetuje\/zavrsne-aktivnosti-u-okviru-projekta-kuca-masline\/\"> Pro\u010ditajte vi\u0161e&#8230;<\/a><\/p>\n","protected":false},"author":1,"featured_media":5224,"comment_status":"closed","ping_status":"closed","sticky":false,"template":"","format":"standard","meta":{"ngg_post_thumbnail":0,"spay_email":""},"categories":[37],"tags":[],"yoast_head":"<!-- This site is optimized with the Yoast SEO plugin v17.7.1 - https:\/\/yoast.com\/wordpress\/plugins\/seo\/ -->\n<title>Zavr\u0161ne aktivnosti u okviru projekta \u201eKu\u0107a masline\u201c - Savjetuje<\/title>\n<meta name=\"robots\" content=\"index, follow, max-snippet:-1, max-image-preview:large, max-video-preview:-1\" \/>\n<link rel=\"canonical\" href=\"https:\/\/seljak.me\/savjetuje\/zavrsne-aktivnosti-u-okviru-projekta-kuca-masline\/\" \/>\n<meta property=\"og:locale\" content=\"sr_RS\" \/>\n<meta property=\"og:type\" content=\"article\" \/>\n<meta property=\"og:title\" content=\"Zavr\u0161ne aktivnosti u okviru projekta \u201eKu\u0107a masline\u201c - Savjetuje\" \/>\n<meta property=\"og:description\" content=\"Na inicijativu\u00a0Ministarstva poljoprivrede, \u0161umarstva i vodoprivrede\u00a0u \u00a0prostorijama ministarstva odr\u017ean je sastanak sa predstavnikom\u00a0Uprave javnih radova, predstavnikom\u00a0Op\u0161tine Bar\u00a0i predstavnikom\u00a0udru\u017eenja maslinara Bara. Ispred Ministarstva sastanku su prisustvovali\u00a0mr Miroslav Cimbaljevi\u0107, generalni direktor Direktorata za poljoprivredu,\u00a0Milivoje Sai\u010di\u0107, sekretar ministarstva i\u00a0mr Dubravka Radulovi\u0107, savjetnica za maslinarstvo u Ministarstvu poljoprivrede, \u0161umarstva i vodoprivrede. Teme pomenutog sastanka bile su zavr\u0161ne aktivnosti na... Pro\u010ditajte vi\u0161e...\" \/>\n<meta property=\"og:url\" content=\"https:\/\/seljak.me\/savjetuje\/zavrsne-aktivnosti-u-okviru-projekta-kuca-masline\/\" \/>\n<meta property=\"og:site_name\" content=\"Savjetuje\" \/>\n<meta property=\"article:publisher\" content=\"https:\/\/www.facebook.com\/seljak.me\/\" \/>\n<meta property=\"article:published_time\" content=\"2021-09-30T10:17:08+00:00\" \/>\n<meta property=\"og:image\" content=\"https:\/\/seljak.me\/savjetuje\/wp-content\/uploads\/2021\/09\/kuca-maslina.jpg\" \/>\n\t<meta property=\"og:image:width\" content=\"1920\" \/>\n\t<meta property=\"og:image:height\" content=\"1280\" \/>\n<meta name=\"twitter:card\" content=\"summary_large_image\" \/>\n<meta name=\"twitter:label1\" content=\"Written by\" \/>\n\t<meta name=\"twitter:data1\" content=\"Seljak.me\" \/>\n\t<meta name=\"twitter:label2\" content=\"Est. reading time\" \/>\n\t<meta name=\"twitter:data2\" content=\"1 \u043c\u0438\u043d\u0443\u0442\" \/>\n<script type=\"application\/ld+json\" class=\"yoast-schema-graph\">{\"@context\":\"https:\/\/schema.org\",\"@graph\":[{\"@type\":\"WebSite\",\"@id\":\"https:\/\/seljak.me\/savjetuje\/#website\",\"url\":\"https:\/\/seljak.me\/savjetuje\/\",\"name\":\"Savjetuje\",\"description\":\"Seljak savjetuje\",\"potentialAction\":[{\"@type\":\"SearchAction\",\"target\":{\"@type\":\"EntryPoint\",\"urlTemplate\":\"https:\/\/seljak.me\/savjetuje\/?s={search_term_string}\"},\"query-input\":\"required name=search_term_string\"}],\"inLanguage\":\"sr-RS\"},{\"@type\":\"ImageObject\",\"@id\":\"https:\/\/seljak.me\/savjetuje\/zavrsne-aktivnosti-u-okviru-projekta-kuca-masline\/#primaryimage\",\"inLanguage\":\"sr-RS\",\"url\":\"https:\/\/seljak.me\/savjetuje\/wp-content\/uploads\/2021\/09\/kuca-maslina.jpg\",\"contentUrl\":\"https:\/\/seljak.me\/savjetuje\/wp-content\/uploads\/2021\/09\/kuca-maslina.jpg\",\"width\":1920,\"height\":1280},{\"@type\":\"WebPage\",\"@id\":\"https:\/\/seljak.me\/savjetuje\/zavrsne-aktivnosti-u-okviru-projekta-kuca-masline\/#webpage\",\"url\":\"https:\/\/seljak.me\/savjetuje\/zavrsne-aktivnosti-u-okviru-projekta-kuca-masline\/\",\"name\":\"Zavr\\u0161ne aktivnosti u okviru projekta \\u201eKu\\u0107a masline\\u201c - Savjetuje\",\"isPartOf\":{\"@id\":\"https:\/\/seljak.me\/savjetuje\/#website\"},\"primaryImageOfPage\":{\"@id\":\"https:\/\/seljak.me\/savjetuje\/zavrsne-aktivnosti-u-okviru-projekta-kuca-masline\/#primaryimage\"},\"datePublished\":\"2021-09-30T10:17:08+00:00\",\"dateModified\":\"2021-09-30T10:17:08+00:00\",\"author\":{\"@id\":\"https:\/\/seljak.me\/savjetuje\/#\/schema\/person\/ad6a49ffeabe4c23e78486ed84d77b10\"},\"breadcrumb\":{\"@id\":\"https:\/\/seljak.me\/savjetuje\/zavrsne-aktivnosti-u-okviru-projekta-kuca-masline\/#breadcrumb\"},\"inLanguage\":\"sr-RS\",\"potentialAction\":[{\"@type\":\"ReadAction\",\"target\":[\"https:\/\/seljak.me\/savjetuje\/zavrsne-aktivnosti-u-okviru-projekta-kuca-masline\/\"]}]},{\"@type\":\"BreadcrumbList\",\"@id\":\"https:\/\/seljak.me\/savjetuje\/zavrsne-aktivnosti-u-okviru-projekta-kuca-masline\/#breadcrumb\",\"itemListElement\":[{\"@type\":\"ListItem\",\"position\":1,\"name\":\"Naslovna\",\"item\":\"https:\/\/seljak.me\/savjetuje\/\"},{\"@type\":\"ListItem\",\"position\":2,\"name\":\"Zavr\\u0161ne aktivnosti u okviru projekta \\u201eKu\\u0107a masline\\u201c\"}]},{\"@type\":\"Person\",\"@id\":\"https:\/\/seljak.me\/savjetuje\/#\/schema\/person\/ad6a49ffeabe4c23e78486ed84d77b10\",\"name\":\"Seljak.me\",\"image\":{\"@type\":\"ImageObject\",\"@id\":\"https:\/\/seljak.me\/savjetuje\/#personlogo\",\"inLanguage\":\"sr-RS\",\"url\":\"https:\/\/seljak.me\/savjetuje\/wp-content\/uploads\/2021\/12\/savjetuje-logo-96x96.png\",\"contentUrl\":\"https:\/\/seljak.me\/savjetuje\/wp-content\/uploads\/2021\/12\/savjetuje-logo-96x96.png\",\"caption\":\"Seljak.me\"},\"sameAs\":[\"admin\"],\"url\":\"https:\/\/seljak.me\/savjetuje\/author\/admin\/\"}]}<\/script>\n<!-- \/ Yoast SEO plugin. -->","yoast_head_json":{"title":"Zavr\u0161ne aktivnosti u okviru projekta \u201eKu\u0107a masline\u201c - Savjetuje","robots":{"index":"index","follow":"follow","max-snippet":"max-snippet:-1","max-image-preview":"max-image-preview:large","max-video-preview":"max-video-preview:-1"},"canonical":"https:\/\/seljak.me\/savjetuje\/zavrsne-aktivnosti-u-okviru-projekta-kuca-masline\/","og_locale":"sr_RS","og_type":"article","og_title":"Zavr\u0161ne aktivnosti u okviru projekta \u201eKu\u0107a masline\u201c - Savjetuje","og_description":"Na inicijativu\u00a0Ministarstva poljoprivrede, \u0161umarstva i vodoprivrede\u00a0u \u00a0prostorijama ministarstva odr\u017ean je sastanak sa predstavnikom\u00a0Uprave javnih radova, predstavnikom\u00a0Op\u0161tine Bar\u00a0i predstavnikom\u00a0udru\u017eenja maslinara Bara. Ispred Ministarstva sastanku su prisustvovali\u00a0mr Miroslav Cimbaljevi\u0107, generalni direktor Direktorata za poljoprivredu,\u00a0Milivoje Sai\u010di\u0107, sekretar ministarstva i\u00a0mr Dubravka Radulovi\u0107, savjetnica za maslinarstvo u Ministarstvu poljoprivrede, \u0161umarstva i vodoprivrede. Teme pomenutog sastanka bile su zavr\u0161ne aktivnosti na... Pro\u010ditajte vi\u0161e...","og_url":"https:\/\/seljak.me\/savjetuje\/zavrsne-aktivnosti-u-okviru-projekta-kuca-masline\/","og_site_name":"Savjetuje","article_publisher":"https:\/\/www.facebook.com\/seljak.me\/","article_published_time":"2021-09-30T10:17:08+00:00","og_image":[{"width":1920,"height":1280,"url":"https:\/\/seljak.me\/savjetuje\/wp-content\/uploads\/2021\/09\/kuca-maslina.jpg","type":"image\/jpeg"}],"twitter_card":"summary_large_image","twitter_misc":{"Written by":"Seljak.me","Est. reading time":"1 \u043c\u0438\u043d\u0443\u0442"},"schema":{"@context":"https:\/\/schema.org","@graph":[{"@type":"WebSite","@id":"https:\/\/seljak.me\/savjetuje\/#website","url":"https:\/\/seljak.me\/savjetuje\/","name":"Savjetuje","description":"Seljak savjetuje","potentialAction":[{"@type":"SearchAction","target":{"@type":"EntryPoint","urlTemplate":"https:\/\/seljak.me\/savjetuje\/?s={search_term_string}"},"query-input":"required name=search_term_string"}],"inLanguage":"sr-RS"},{"@type":"ImageObject","@id":"https:\/\/seljak.me\/savjetuje\/zavrsne-aktivnosti-u-okviru-projekta-kuca-masline\/#primaryimage","inLanguage":"sr-RS","url":"https:\/\/seljak.me\/savjetuje\/wp-content\/uploads\/2021\/09\/kuca-maslina.jpg","contentUrl":"https:\/\/seljak.me\/savjetuje\/wp-content\/uploads\/2021\/09\/kuca-maslina.jpg","width":1920,"height":1280},{"@type":"WebPage","@id":"https:\/\/seljak.me\/savjetuje\/zavrsne-aktivnosti-u-okviru-projekta-kuca-masline\/#webpage","url":"https:\/\/seljak.me\/savjetuje\/zavrsne-aktivnosti-u-okviru-projekta-kuca-masline\/","name":"Zavr\u0161ne aktivnosti u okviru projekta \u201eKu\u0107a masline\u201c - Savjetuje","isPartOf":{"@id":"https:\/\/seljak.me\/savjetuje\/#website"},"primaryImageOfPage":{"@id":"https:\/\/seljak.me\/savjetuje\/zavrsne-aktivnosti-u-okviru-projekta-kuca-masline\/#primaryimage"},"datePublished":"2021-09-30T10:17:08+00:00","dateModified":"2021-09-30T10:17:08+00:00","author":{"@id":"https:\/\/seljak.me\/savjetuje\/#\/schema\/person\/ad6a49ffeabe4c23e78486ed84d77b10"},"breadcrumb":{"@id":"https:\/\/seljak.me\/savjetuje\/zavrsne-aktivnosti-u-okviru-projekta-kuca-masline\/#breadcrumb"},"inLanguage":"sr-RS","potentialAction":[{"@type":"ReadAction","target":["https:\/\/seljak.me\/savjetuje\/zavrsne-aktivnosti-u-okviru-projekta-kuca-masline\/"]}]},{"@type":"BreadcrumbList","@id":"https:\/\/seljak.me\/savjetuje\/zavrsne-aktivnosti-u-okviru-projekta-kuca-masline\/#breadcrumb","itemListElement":[{"@type":"ListItem","position":1,"name":"Naslovna","item":"https:\/\/seljak.me\/savjetuje\/"},{"@type":"ListItem","position":2,"name":"Zavr\u0161ne aktivnosti u okviru projekta \u201eKu\u0107a masline\u201c"}]},{"@type":"Person","@id":"https:\/\/seljak.me\/savjetuje\/#\/schema\/person\/ad6a49ffeabe4c23e78486ed84d77b10","name":"Seljak.me","image":{"@type":"ImageObject","@id":"https:\/\/seljak.me\/savjetuje\/#personlogo","inLanguage":"sr-RS","url":"https:\/\/seljak.me\/savjetuje\/wp-content\/uploads\/2021\/12\/savjetuje-logo-96x96.png","contentUrl":"https:\/\/seljak.me\/savjetuje\/wp-content\/uploads\/2021\/12\/savjetuje-logo-96x96.png","caption":"Seljak.me"},"sameAs":["admin"],"url":"https:\/\/seljak.me\/savjetuje\/author\/admin\/"}]}},"jetpack_featured_media_url":"https:\/\/seljak.me\/savjetuje\/wp-content\/uploads\/2021\/09\/kuca-maslina.jpg","jetpack-related-posts":[{"id":5255,"url":"https:\/\/seljak.me\/savjetuje\/snaznija-podrska-za-sektor-svinjarstva-u-agrobudzetu\/","url_meta":{"origin":5223,"position":0},"title":"Sna\u017enija podr\u0161ka za sektor svinjarstva u Agrobud\u017eetu","date":"06\/10\/2021","format":false,"excerpt":"U prostorijama Ministarstva poljoprivrede, \u0161umarstva i vodoprivrede odr\u017ean je sastanak sa predstavnicima odgajiva\u010da svinja u pravcu unapre\u0111enja ovog va\u017enog sektora sto\u010darske proizvodnje. Kako su saop\u0161tli iz Ministarstva poljoprivrede, generalni direktor Direktorata za poljoprivredu Miroslav Cimbaljevi\u0107 i na\u010delnik Direkcije za sto\u010darstvo Ranko Bogavac razgovarali sa Vladimirom Dabanovi\u0107 iz Bara, Lukom Ivanovi\u0107\u2026","rel":"","context":"In &quot;MP\u0160V&quot;","img":{"alt_text":"","src":"https:\/\/i0.wp.com\/seljak.me\/savjetuje\/wp-content\/uploads\/2021\/10\/244447709_4303910442996440_7497613326883370659_n.jpg?resize=350%2C200&ssl=1","width":350,"height":200},"classes":[]},{"id":5371,"url":"https:\/\/seljak.me\/savjetuje\/odrzan-sastanak-seljak-me-i-ministarstva-poljoprivrede-model-saradnje-definisan-u-ponedeljak\/","url_meta":{"origin":5223,"position":1},"title":"Odr\u017ean sastanak Seljak.me i Ministarstva poljoprivrede: Model saradnje \u0107e biti definisan u ponedeljak","date":"05\/11\/2021","format":false,"excerpt":"Tim platforme Seljak.me sastao se danas u prostorijama Ministarstva poljoprivrede, \u0161umarstva i vodoprivrede\u00a0 sa Direktorom Direktorata za poljoprivredu Miroslavom Cimbaljevi\u0107em i na\u010delnikom Direkcije za sto\u010darstvo Rankom Bogavcem\u00a0 \u00a0u cilju usagla\u0161avanja modela podr\u0161ke najve\u0107oj crnogorskoj platformi koja je specijalizovana za sektor poljoprivrede. U okviru Mjere 3., podmjera 3.6. Agrobu\u017eeta za 2021\u2026","rel":"","context":"In &quot;Novosti&quot;","img":{"alt_text":"","src":"https:\/\/i0.wp.com\/seljak.me\/savjetuje\/wp-content\/uploads\/2021\/11\/253839773_429003748580908_4366630169540002364_n.jpg?resize=350%2C200&ssl=1","width":350,"height":200},"classes":[]},{"id":8924,"url":"https:\/\/seljak.me\/savjetuje\/otvorena-kuca-maslina-u-baru\/","url_meta":{"origin":5223,"position":2},"title":"Otvorena Ku\u0107a maslina u Baru","date":"18\/04\/2022","format":false,"excerpt":"Predsjednik Vlade Zdravko Krivokapi\u0107, ministar poljoprivrede, \u0161umarstva i vodoprivrede Aleksandar Stijovi\u0107 i predsjednik Op\u0161tine Bar Du\u0161an Rai\u010devi\u0107 danas su sve\u010dano otvorili objekat Ku\u0107a maslina u Starom Baru. Iz Ministarstva poljoprivrede, \u0161umarstva i vodoprivrede su naveli kako je Krivokapi\u0107 ukazao na zna\u010daj koje maslinarstvo ima u crnogorskoj tradiciji. Krivokapi\u0107 je, kako\u2026","rel":"","context":"In &quot;Novosti&quot;","img":{"alt_text":"https:\/\/www.google.com\/search?q=ku%C4%87a+maslina+u+barzu&sxsrf=APq-WBuua__15W4udez0W9hArIBMFS1Dzg:1650288269381&source=lnms&tbm=isch&sa=X&ved=2ahUKEwiX2crw2p33AhUNhv0HHfqRAXIQ_AUoAXoECAEQAw&biw=1366&bih=600&dpr=1#imgrc=XOWmQM5nqQacxM","src":"https:\/\/i0.wp.com\/seljak.me\/savjetuje\/wp-content\/uploads\/2022\/04\/Kuca-Maslina-Naslovna.jpg?resize=350%2C200&ssl=1","width":350,"height":200},"classes":[]},{"id":15467,"url":"https:\/\/seljak.me\/savjetuje\/odrzan-sastanak-sa-timom-svjetske-banke-koji-pruza-podrsku-u-sprovodjenju-aktivnosti-u-okviru-programa-wb6\/","url_meta":{"origin":5223,"position":3},"title":"Odr\u017ean sastanak sa timom Svjetske banke koji pru\u017ea podr\u0161ku u sprovo\u0111enju aktivnosti u okviru programa WB6","date":"08\/06\/2023","format":false,"excerpt":"Odr\u017ean sastanak sa timom Svjetske banke koji pru\u017ea podr\u0161ku u sprovo\u0111enju aktivnosti u okviru programa WB6 Odgovor na energetsku krizu. Sastanku je prisustvovao Stevan Gajevi\u0107 (dr\u017eavni sekretar) sa saradnicima, dok su delegaciju Svjetske banke \u010dinili Tamara Babayan (tim lider na projektu), Yevgen Yesyrkenov (specijalista za finansije na polju dekarbonizacije), Neboj\u0161a\u2026","rel":"","context":"In &quot;MP\u0160V&quot;","img":{"alt_text":"","src":"https:\/\/i0.wp.com\/seljak.me\/savjetuje\/wp-content\/uploads\/2023\/06\/347425345_769471088212965_2543175534889677401_n.jpg?resize=350%2C200&ssl=1","width":350,"height":200},"classes":[]},{"id":16556,"url":"https:\/\/seljak.me\/savjetuje\/predstavnici-ministarstva-poljoprivrede-sumarstva-i-vodoprivrede-odrzali-sastanak-sa-proizvodjacima-maline-sa-sjevera\/","url_meta":{"origin":5223,"position":4},"title":"Predstavnici Ministarstva poljoprivrede, \u0161umarstva i vodoprivrede odr\u017eali sastanak sa proizvo\u0111a\u010dima maline sa sjevera","date":"22\/04\/2024","format":false,"excerpt":"Ministar poljoprivrede, \u0161umarstva i vodoprivrede, Vladimir Jokovi\u0107 i dr\u017eavni sekretar Andrija Deli\u0107, odr\u017eali su sastanak sa predstavnikom proizvo\u0111a\u010da maline, gospodinom Rifatom Beganovi\u0107em, kao i sa predstavnicima hladnja\u010da: Bolem Nedovi\u0107em, Mervanom Kujovi\u0107em i Radem Rai\u010devi\u0107em. Sastanku su prisustvovali i predstavnik prodavaca poljoprivredne mehanizacije i opreme, Sead Hodzi\u0107 i predstavnik lokalne samouprave\u2026","rel":"","context":"In &quot;MP\u0160V&quot;","img":{"alt_text":"","src":"https:\/\/i0.wp.com\/seljak.me\/savjetuje\/wp-content\/uploads\/2024\/04\/438160816_861502112684662_7891467807515813814_n.jpg?resize=350%2C200&ssl=1","width":350,"height":200},"classes":[]},{"id":14236,"url":"https:\/\/seljak.me\/savjetuje\/ministarstvo-poljoprivrede-sumarstva-i-vodoprivrede-organizovalo-informativnu-radionicu-sa-konsultantskim-kucama-povodom-implementacije-ipard-programa\/","url_meta":{"origin":5223,"position":5},"title":"Ministarstvo poljoprivrede, \u0161umarstva i vodoprivrede organizovalo informativnu radionicu sa konsultantskim ku\u0107ama povodom implementacije IPARD programa","date":"10\/03\/2023","format":false,"excerpt":"Prepoznaju\u0107i zna\u010daj i ulogu konsultantskih ku\u0107a u implementaciji\u00a0IPARD\u00a0programa, Ministarstvo poljoprivrede, \u0161umarstva i vodoprivrede organizovalo je radionicu 09. marta 2023. Cilj je da konsultantske ku\u0107e budu \u0161to pripremljene kako bi i implementacija\u00a0IPARD\u00a0III\u00a0programa bila \u0161to uspje\u0161nija. Generalna direktorica Direktorata za ruralni razvoj i \u0161efica Upravlja\u010dkog tijela,\u00a0Andrijana Rako\u010devi\u0107\u00a0pozdravila je prisutne i naglasila da\u2026","rel":"","context":"In &quot;MP\u0160V&quot;","img":{"alt_text":"","src":"https:\/\/i0.wp.com\/seljak.me\/savjetuje\/wp-content\/uploads\/2023\/03\/1678370855lxfl63ex1pq3twj7-i_747x498.jpg?resize=350%2C200&ssl=1","width":350,"height":200},"classes":[]}],"_links":{"self":[{"href":"https:\/\/seljak.me\/savjetuje\/wp-json\/wp\/v2\/posts\/5223"}],"collection":[{"href":"https:\/\/seljak.me\/savjetuje\/wp-json\/wp\/v2\/posts"}],"about":[{"href":"https:\/\/seljak.me\/savjetuje\/wp-json\/wp\/v2\/types\/post"}],"author":[{"embeddable":true,"href":"https:\/\/seljak.me\/savjetuje\/wp-json\/wp\/v2\/users\/1"}],"replies":[{"embeddable":true,"href":"https:\/\/seljak.me\/savjetuje\/wp-json\/wp\/v2\/comments?post=5223"}],"version-history":[{"count":1,"href":"https:\/\/seljak.me\/savjetuje\/wp-json\/wp\/v2\/posts\/5223\/revisions"}],"predecessor-version":[{"id":5225,"href":"https:\/\/seljak.me\/savjetuje\/wp-json\/wp\/v2\/posts\/5223\/revisions\/5225"}],"wp:featuredmedia":[{"embeddable":true,"href":"https:\/\/seljak.me\/savjetuje\/wp-json\/wp\/v2\/media\/5224"}],"wp:attachment":[{"href":"https:\/\/seljak.me\/savjetuje\/wp-json\/wp\/v2\/media?parent=5223"}],"wp:term":[{"taxonomy":"category","embeddable":true,"href":"https:\/\/seljak.me\/savjetuje\/wp-json\/wp\/v2\/categories?post=5223"},{"taxonomy":"post_tag","embeddable":true,"href":"https:\/\/seljak.me\/savjetuje\/wp-json\/wp\/v2\/tags?post=5223"}],"curies":[{"name":"wp","href":"https:\/\/api.w.org\/{rel}","templated":true}]}}