{"id":17169,"date":"2024-10-15T10:04:07","date_gmt":"2024-10-15T08:04:07","guid":{"rendered":"https:\/\/seljak.me\/savjetuje\/?p=17169"},"modified":"2024-10-15T10:04:07","modified_gmt":"2024-10-15T08:04:07","slug":"ministar-vladimir-jokovic-na-ministarskoj-konferenciji-u-dizonu","status":"publish","type":"post","link":"https:\/\/seljak.me\/savjetuje\/ministar-vladimir-jokovic-na-ministarskoj-konferenciji-u-dizonu\/","title":{"rendered":"Ministar Vladimir Jokovi\u0107 na Ministarskoj konferenciji u Di\u017eonu"},"content":{"rendered":"<section class=\"relative ui-article-spacing\">\n<div id=\"ui-article\" class=\"ui-article collapse-article\">\n<div>\n<div>\n<p>Ministar poljoprivrede, \u0161umarstva i vodoprivrede\u00a0<strong>Vladimir Jokovi\u0107<\/strong>\u00a0predstavljao je Crnu Goru na Ministarskoj konferenciji u Di\u017eonu, koja se odr\u017eava uo\u010di \u00a045. Svjetskog kongresa vinogradarstva.<\/p>\n<p>Ministarska konferencija bila je dobra prilika da ministri razmijene mi\u0161ljenja o globalnoj situaciji u vinogradarstvu i izazovima sa kojima se ovaj sektor suo\u010dava.<\/p>\n<p><img src=\"https:\/\/media.gov.me\/media\/gov\/2024\/10\/14\/1728894289ymzk4gpkxzjmeszo-i_1920x1280.jpg\" alt=\"Sajam vina\" data-uw-rm-alt-original=\"Sajam vina\" data-uw-rm-alt=\"ALT\" \/><\/p>\n<p>Ministar Jokovi\u0107 istakao je da je Me\u0111unarodna organizacija za vinovu lozu i vino (<span class=\"latn fr-deletable\">OIV<\/span>) tokom proteklih 100 godina bila klju\u010dni akter u unapre\u0111enju me\u0111unarodnih standarda i praksi u vinogradarstvu i vinarstvu i zna\u010dajno doprinijela harmonizaciji tr\u017ei\u0161ta i promovisanju odr\u017eivih praksi.<\/p>\n<p>Na konferenciji je usvojena zajedni\u010dka Deklaracija koja za cilj ima obnovu posve\u0107enosti vinogradarsko-vinarskoj industriji.<\/p>\n<blockquote><p>Zajedni\u010dka vizija budu\u0107nosti ovog sektora, kao i obnova posve\u0107enosti kroz novu Deklaraciju, osiguravaju nastavak rada na unapre\u0111enju kvaliteta vina, za\u0161titi geografskog porijekla i o\u010duvanju biodiverziteta.\u00a0<span class=\"latn fr-deletable\">OIV<\/span>, kao vode\u0107a me\u0111unarodna organizacija u sektoru vinogradarstva i vinarstva, igra klju\u010dnu ulogu u oblikovanju budu\u0107nosti ove industrije. Njena sposobnost da kreira i implementira standarde, podstakne inovacije i omogu\u0107i otvoreni dijalog me\u0111u \u010dlanicama od neprocjenjive je vrijednosti, naglasio je ministar Jokovi\u0107.<\/p><\/blockquote>\n<p><img src=\"https:\/\/media.gov.me\/media\/gov\/2024\/10\/14\/1728894289hljfnjh0qh8v4crx-i_1920x1280.jpg\" alt=\"Sajam vina\" data-uw-rm-alt-original=\"Sajam vina\" data-uw-rm-alt=\"ALT\" \/><\/p>\n<p>On je naglasio da je Crna Gora posve\u0107ena nastavku saradnje sa\u00a0<span class=\"latn fr-deletable\">OIV<\/span>-om i partnerima \u0161irom svijeta i da se kroz projekte poput geneti\u010dke identifikacije autohtonih sorti, otvaraju mogu\u0107nosti za autenti\u010dan razvoj vina.<\/p>\n<\/div>\n<\/div>\n<\/div>\n<\/section>\n<section>\n<article class=\"mb-14 text-gray-200 font-light\">\n<div class=\"flex w-full items-center flex-row\"><\/div>\n<\/article>\n<\/section>\n<div><\/div>\n","protected":false},"excerpt":{"rendered":"<p>Ministar poljoprivrede, \u0161umarstva i vodoprivrede\u00a0Vladimir Jokovi\u0107\u00a0predstavljao je Crnu Goru na Ministarskoj konferenciji u Di\u017eonu, koja se odr\u017eava uo\u010di \u00a045. Svjetskog kongresa vinogradarstva. Ministarska konferencija bila je dobra prilika da ministri razmijene mi\u0161ljenja o globalnoj situaciji u vinogradarstvu i izazovima sa kojima se ovaj sektor suo\u010dava. Ministar Jokovi\u0107 istakao je da je Me\u0111unarodna organizacija za vinovu&#8230;<a class=\"btnReadMore\" href=\"https:\/\/seljak.me\/savjetuje\/ministar-vladimir-jokovic-na-ministarskoj-konferenciji-u-dizonu\/\"> Pro\u010ditajte vi\u0161e&#8230;<\/a><\/p>\n","protected":false},"author":7,"featured_media":17170,"comment_status":"closed","ping_status":"closed","sticky":false,"template":"","format":"standard","meta":{"ngg_post_thumbnail":0,"spay_email":""},"categories":[36,37],"tags":[],"yoast_head":"<!-- This site is optimized with the Yoast SEO plugin v17.7.1 - https:\/\/yoast.com\/wordpress\/plugins\/seo\/ -->\n<title>Ministar Vladimir Jokovi\u0107 na Ministarskoj konferenciji u Di\u017eonu - Savjetuje<\/title>\n<meta name=\"robots\" content=\"index, follow, max-snippet:-1, max-image-preview:large, max-video-preview:-1\" \/>\n<link rel=\"canonical\" href=\"https:\/\/seljak.me\/savjetuje\/ministar-vladimir-jokovic-na-ministarskoj-konferenciji-u-dizonu\/\" \/>\n<meta property=\"og:locale\" content=\"sr_RS\" \/>\n<meta property=\"og:type\" content=\"article\" \/>\n<meta property=\"og:title\" content=\"Ministar Vladimir Jokovi\u0107 na Ministarskoj konferenciji u Di\u017eonu - Savjetuje\" \/>\n<meta property=\"og:description\" content=\"Ministar poljoprivrede, \u0161umarstva i vodoprivrede\u00a0Vladimir Jokovi\u0107\u00a0predstavljao je Crnu Goru na Ministarskoj konferenciji u Di\u017eonu, koja se odr\u017eava uo\u010di \u00a045. Svjetskog kongresa vinogradarstva. Ministarska konferencija bila je dobra prilika da ministri razmijene mi\u0161ljenja o globalnoj situaciji u vinogradarstvu i izazovima sa kojima se ovaj sektor suo\u010dava. Ministar Jokovi\u0107 istakao je da je Me\u0111unarodna organizacija za vinovu... Pro\u010ditajte vi\u0161e...\" \/>\n<meta property=\"og:url\" content=\"https:\/\/seljak.me\/savjetuje\/ministar-vladimir-jokovic-na-ministarskoj-konferenciji-u-dizonu\/\" \/>\n<meta property=\"og:site_name\" content=\"Savjetuje\" \/>\n<meta property=\"article:publisher\" content=\"https:\/\/www.facebook.com\/seljak.me\/\" \/>\n<meta property=\"article:published_time\" content=\"2024-10-15T08:04:07+00:00\" \/>\n<meta property=\"og:image\" content=\"https:\/\/seljak.me\/savjetuje\/wp-content\/uploads\/2024\/10\/17288942862glci4amk3rqixal-i_747x498.jpg\" \/>\n\t<meta property=\"og:image:width\" content=\"747\" \/>\n\t<meta property=\"og:image:height\" content=\"498\" \/>\n<meta name=\"twitter:card\" content=\"summary_large_image\" \/>\n<meta name=\"twitter:label1\" content=\"Written by\" \/>\n\t<meta name=\"twitter:data1\" content=\"MPSV\" \/>\n\t<meta name=\"twitter:label2\" content=\"Est. reading time\" \/>\n\t<meta name=\"twitter:data2\" content=\"1 \u043c\u0438\u043d\u0443\u0442\" \/>\n<script type=\"application\/ld+json\" class=\"yoast-schema-graph\">{\"@context\":\"https:\/\/schema.org\",\"@graph\":[{\"@type\":\"WebSite\",\"@id\":\"https:\/\/seljak.me\/savjetuje\/#website\",\"url\":\"https:\/\/seljak.me\/savjetuje\/\",\"name\":\"Savjetuje\",\"description\":\"Seljak savjetuje\",\"potentialAction\":[{\"@type\":\"SearchAction\",\"target\":{\"@type\":\"EntryPoint\",\"urlTemplate\":\"https:\/\/seljak.me\/savjetuje\/?s={search_term_string}\"},\"query-input\":\"required name=search_term_string\"}],\"inLanguage\":\"sr-RS\"},{\"@type\":\"ImageObject\",\"@id\":\"https:\/\/seljak.me\/savjetuje\/ministar-vladimir-jokovic-na-ministarskoj-konferenciji-u-dizonu\/#primaryimage\",\"inLanguage\":\"sr-RS\",\"url\":\"https:\/\/seljak.me\/savjetuje\/wp-content\/uploads\/2024\/10\/17288942862glci4amk3rqixal-i_747x498.jpg\",\"contentUrl\":\"https:\/\/seljak.me\/savjetuje\/wp-content\/uploads\/2024\/10\/17288942862glci4amk3rqixal-i_747x498.jpg\",\"width\":747,\"height\":498},{\"@type\":\"WebPage\",\"@id\":\"https:\/\/seljak.me\/savjetuje\/ministar-vladimir-jokovic-na-ministarskoj-konferenciji-u-dizonu\/#webpage\",\"url\":\"https:\/\/seljak.me\/savjetuje\/ministar-vladimir-jokovic-na-ministarskoj-konferenciji-u-dizonu\/\",\"name\":\"Ministar Vladimir Jokovi\\u0107 na Ministarskoj konferenciji u Di\\u017eonu - Savjetuje\",\"isPartOf\":{\"@id\":\"https:\/\/seljak.me\/savjetuje\/#website\"},\"primaryImageOfPage\":{\"@id\":\"https:\/\/seljak.me\/savjetuje\/ministar-vladimir-jokovic-na-ministarskoj-konferenciji-u-dizonu\/#primaryimage\"},\"datePublished\":\"2024-10-15T08:04:07+00:00\",\"dateModified\":\"2024-10-15T08:04:07+00:00\",\"author\":{\"@id\":\"https:\/\/seljak.me\/savjetuje\/#\/schema\/person\/46ebf2e69b563f1f01a883f987a20e94\"},\"breadcrumb\":{\"@id\":\"https:\/\/seljak.me\/savjetuje\/ministar-vladimir-jokovic-na-ministarskoj-konferenciji-u-dizonu\/#breadcrumb\"},\"inLanguage\":\"sr-RS\",\"potentialAction\":[{\"@type\":\"ReadAction\",\"target\":[\"https:\/\/seljak.me\/savjetuje\/ministar-vladimir-jokovic-na-ministarskoj-konferenciji-u-dizonu\/\"]}]},{\"@type\":\"BreadcrumbList\",\"@id\":\"https:\/\/seljak.me\/savjetuje\/ministar-vladimir-jokovic-na-ministarskoj-konferenciji-u-dizonu\/#breadcrumb\",\"itemListElement\":[{\"@type\":\"ListItem\",\"position\":1,\"name\":\"Naslovna\",\"item\":\"https:\/\/seljak.me\/savjetuje\/\"},{\"@type\":\"ListItem\",\"position\":2,\"name\":\"Ministar Vladimir Jokovi\\u0107 na Ministarskoj konferenciji u Di\\u017eonu\"}]},{\"@type\":\"Person\",\"@id\":\"https:\/\/seljak.me\/savjetuje\/#\/schema\/person\/46ebf2e69b563f1f01a883f987a20e94\",\"name\":\"MPSV\",\"image\":{\"@type\":\"ImageObject\",\"@id\":\"https:\/\/seljak.me\/savjetuje\/#personlogo\",\"inLanguage\":\"sr-RS\",\"url\":\"https:\/\/seljak.me\/savjetuje\/wp-content\/uploads\/2023\/10\/217599396_4045919322128888_6305687723719435892_n-96x96.jpg\",\"contentUrl\":\"https:\/\/seljak.me\/savjetuje\/wp-content\/uploads\/2023\/10\/217599396_4045919322128888_6305687723719435892_n-96x96.jpg\",\"caption\":\"MPSV\"},\"url\":\"https:\/\/seljak.me\/savjetuje\/author\/mpsv\/\"}]}<\/script>\n<!-- \/ Yoast SEO plugin. -->","yoast_head_json":{"title":"Ministar Vladimir Jokovi\u0107 na Ministarskoj konferenciji u Di\u017eonu - Savjetuje","robots":{"index":"index","follow":"follow","max-snippet":"max-snippet:-1","max-image-preview":"max-image-preview:large","max-video-preview":"max-video-preview:-1"},"canonical":"https:\/\/seljak.me\/savjetuje\/ministar-vladimir-jokovic-na-ministarskoj-konferenciji-u-dizonu\/","og_locale":"sr_RS","og_type":"article","og_title":"Ministar Vladimir Jokovi\u0107 na Ministarskoj konferenciji u Di\u017eonu - Savjetuje","og_description":"Ministar poljoprivrede, \u0161umarstva i vodoprivrede\u00a0Vladimir Jokovi\u0107\u00a0predstavljao je Crnu Goru na Ministarskoj konferenciji u Di\u017eonu, koja se odr\u017eava uo\u010di \u00a045. Svjetskog kongresa vinogradarstva. Ministarska konferencija bila je dobra prilika da ministri razmijene mi\u0161ljenja o globalnoj situaciji u vinogradarstvu i izazovima sa kojima se ovaj sektor suo\u010dava. Ministar Jokovi\u0107 istakao je da je Me\u0111unarodna organizacija za vinovu... Pro\u010ditajte vi\u0161e...","og_url":"https:\/\/seljak.me\/savjetuje\/ministar-vladimir-jokovic-na-ministarskoj-konferenciji-u-dizonu\/","og_site_name":"Savjetuje","article_publisher":"https:\/\/www.facebook.com\/seljak.me\/","article_published_time":"2024-10-15T08:04:07+00:00","og_image":[{"width":747,"height":498,"url":"https:\/\/seljak.me\/savjetuje\/wp-content\/uploads\/2024\/10\/17288942862glci4amk3rqixal-i_747x498.jpg","type":"image\/jpeg"}],"twitter_card":"summary_large_image","twitter_misc":{"Written by":"MPSV","Est. reading time":"1 \u043c\u0438\u043d\u0443\u0442"},"schema":{"@context":"https:\/\/schema.org","@graph":[{"@type":"WebSite","@id":"https:\/\/seljak.me\/savjetuje\/#website","url":"https:\/\/seljak.me\/savjetuje\/","name":"Savjetuje","description":"Seljak savjetuje","potentialAction":[{"@type":"SearchAction","target":{"@type":"EntryPoint","urlTemplate":"https:\/\/seljak.me\/savjetuje\/?s={search_term_string}"},"query-input":"required name=search_term_string"}],"inLanguage":"sr-RS"},{"@type":"ImageObject","@id":"https:\/\/seljak.me\/savjetuje\/ministar-vladimir-jokovic-na-ministarskoj-konferenciji-u-dizonu\/#primaryimage","inLanguage":"sr-RS","url":"https:\/\/seljak.me\/savjetuje\/wp-content\/uploads\/2024\/10\/17288942862glci4amk3rqixal-i_747x498.jpg","contentUrl":"https:\/\/seljak.me\/savjetuje\/wp-content\/uploads\/2024\/10\/17288942862glci4amk3rqixal-i_747x498.jpg","width":747,"height":498},{"@type":"WebPage","@id":"https:\/\/seljak.me\/savjetuje\/ministar-vladimir-jokovic-na-ministarskoj-konferenciji-u-dizonu\/#webpage","url":"https:\/\/seljak.me\/savjetuje\/ministar-vladimir-jokovic-na-ministarskoj-konferenciji-u-dizonu\/","name":"Ministar Vladimir Jokovi\u0107 na Ministarskoj konferenciji u Di\u017eonu - Savjetuje","isPartOf":{"@id":"https:\/\/seljak.me\/savjetuje\/#website"},"primaryImageOfPage":{"@id":"https:\/\/seljak.me\/savjetuje\/ministar-vladimir-jokovic-na-ministarskoj-konferenciji-u-dizonu\/#primaryimage"},"datePublished":"2024-10-15T08:04:07+00:00","dateModified":"2024-10-15T08:04:07+00:00","author":{"@id":"https:\/\/seljak.me\/savjetuje\/#\/schema\/person\/46ebf2e69b563f1f01a883f987a20e94"},"breadcrumb":{"@id":"https:\/\/seljak.me\/savjetuje\/ministar-vladimir-jokovic-na-ministarskoj-konferenciji-u-dizonu\/#breadcrumb"},"inLanguage":"sr-RS","potentialAction":[{"@type":"ReadAction","target":["https:\/\/seljak.me\/savjetuje\/ministar-vladimir-jokovic-na-ministarskoj-konferenciji-u-dizonu\/"]}]},{"@type":"BreadcrumbList","@id":"https:\/\/seljak.me\/savjetuje\/ministar-vladimir-jokovic-na-ministarskoj-konferenciji-u-dizonu\/#breadcrumb","itemListElement":[{"@type":"ListItem","position":1,"name":"Naslovna","item":"https:\/\/seljak.me\/savjetuje\/"},{"@type":"ListItem","position":2,"name":"Ministar Vladimir Jokovi\u0107 na Ministarskoj konferenciji u Di\u017eonu"}]},{"@type":"Person","@id":"https:\/\/seljak.me\/savjetuje\/#\/schema\/person\/46ebf2e69b563f1f01a883f987a20e94","name":"MPSV","image":{"@type":"ImageObject","@id":"https:\/\/seljak.me\/savjetuje\/#personlogo","inLanguage":"sr-RS","url":"https:\/\/seljak.me\/savjetuje\/wp-content\/uploads\/2023\/10\/217599396_4045919322128888_6305687723719435892_n-96x96.jpg","contentUrl":"https:\/\/seljak.me\/savjetuje\/wp-content\/uploads\/2023\/10\/217599396_4045919322128888_6305687723719435892_n-96x96.jpg","caption":"MPSV"},"url":"https:\/\/seljak.me\/savjetuje\/author\/mpsv\/"}]}},"jetpack_featured_media_url":"https:\/\/seljak.me\/savjetuje\/wp-content\/uploads\/2024\/10\/17288942862glci4amk3rqixal-i_747x498.jpg","jetpack-related-posts":[{"id":14586,"url":"https:\/\/seljak.me\/savjetuje\/ministar-jokovic-na-konferenciji-un-voda-za-odrzivi-razvoj-2018-2028-crna-gora-posvecena-odrzivom-upravljanju-vodnim-resursima\/","url_meta":{"origin":17169,"position":0},"title":"Ministar Jokovi\u0107 na Konferenciji UN \u201eVoda za odr\u017eivi razvoj (2018\u20132028)&#8221;: Crna Gora posve\u0107ena odr\u017eivom upravljanju vodnim resursima","date":"24\/03\/2023","format":false,"excerpt":"Potpredsjednik Vlade i ministar poljoprivrede, \u0161umarstva i vodoprivrede\u00a0Vladimir Jokovi\u0107\u00a0u\u010destvuje na Konferenciji Ujedinjenih nacija o srednjoro\u010dnom izvje\u0161tajnom periodu o sprovo\u0111enju ciljeva me\u0111unarodne decenije akcije\u00a0\u201eVoda za odr\u017eivi razvoj (2018\u20132028)\u201d\u00a0u Njujorku, koja se odr\u017eava u periodu od 22. - 24. marta 2023. godine. \u010clanove delegacije Crne Gore tako\u0111e \u010dine:\u00a0\u017deljko Furtula, generalni direktor Direktorata\u2026","rel":"","context":"In &quot;MP\u0160V&quot;","img":{"alt_text":"","src":"https:\/\/i0.wp.com\/seljak.me\/savjetuje\/wp-content\/uploads\/2023\/03\/1679580058jeupjwoqbny5iovz-i_1920x1280.jpg?resize=350%2C200&ssl=1","width":350,"height":200},"classes":[]},{"id":16531,"url":"https:\/\/seljak.me\/savjetuje\/ministar-jokovic-na-prvom-vinskom-ministarskom-sastanku-u-italiji\/","url_meta":{"origin":17169,"position":1},"title":"Ministar Jokovi\u0107 na prvom Vinskom ministarskom sastanku u Italiji","date":"16\/04\/2024","format":false,"excerpt":"Ministar poljoprivrede, \u0161umarstva i vodoprivrede\u00a0Vladimir Jokovi\u0107\u00a0boravio je u Republici Italiji, na poziv ministra poljoprivrede, prehrambenog suvereniteta i \u0161umarstva Republike Italije,\u00a0NJ.E. Fran\u010deska Lolobri\u0111ida, radi u\u010de\u0161\u0107a na prvom Vinskom ministarskom sastanku, koji je odr\u017ean u regionu Fran\u010dakorta, u gradovima Bre\u0161a i Verona, kao i sve\u010danom obilje\u017eavanju 100. godina od osnivanja Me\u0111unarodne organizacije\u2026","rel":"","context":"In &quot;MP\u0160V&quot;","img":{"alt_text":"","src":"https:\/\/i0.wp.com\/seljak.me\/savjetuje\/wp-content\/uploads\/2024\/04\/1713270931ilywfqt3nnm7dv4k-i_747x498.jpg?resize=350%2C200&ssl=1","width":350,"height":200},"classes":[]},{"id":14316,"url":"https:\/\/seljak.me\/savjetuje\/nvoeuromost-je-u-plavu-obiljezila-14-mart-medjunarodni-dan-rijeka\/","url_meta":{"origin":17169,"position":2},"title":"NVO,,Euromost&#8221; je u Plavu obilje\u017eila 14.mart Medjunarodni dan rijeka","date":"15\/03\/2023","format":false,"excerpt":"NVO,,Euromost\" je u Plavu obilje\u017eila 14.mart Medjunarodni dan rijeka, kroz Medjunarodnu Konferenciju o rijeci Lim i na temu:,,Kako za\u0161titi rijeku Lim od Plavskog jezera do Drine\". Na Konferenciji je uzeo u\u010de\u0161\u0107e i Potpredsjednik Vlade Crne Gore i Ministar poljoprivrede, \u0161umarstva i vodoprivrede Vladimir Jokovi\u0107 i na istoj su se odazvali,\u2026","rel":"","context":"In &quot;MP\u0160V&quot;","img":{"alt_text":"","src":"https:\/\/i0.wp.com\/seljak.me\/savjetuje\/wp-content\/uploads\/2023\/03\/335852482_907414977240162_981050998197954340_n.jpg?resize=350%2C200&ssl=1","width":350,"height":200},"classes":[]},{"id":9812,"url":"https:\/\/seljak.me\/savjetuje\/ministar-poljoprivrede-vladimir-jokovic-predlaze-formiranje-direkcije-za-robne-rezerve\/","url_meta":{"origin":17169,"position":3},"title":"Ministar poljoprivrede Vladimir Jokovi\u0107 predla\u017ee formiranje Direkcije za robne rezerve","date":"07\/06\/2022","format":false,"excerpt":"Po uzoru na razvijene zemlje, Crna Gora u okviru Ministarstva poljoprivrede, \u0161umarstva i vodoprivrede treba da formira Direkciju za robne reserve zbog toga \u0161to se geopoliti\u010dke i geoekonomske prilike na globalnom nivou koplikuju i uslo\u017enjavaju i mnogim djelovima svijeta prijeti nesta\u0161ica hrane i energenata, naveo je ministar poljoprivrede Vladimir Jokovi\u0107.\u2026","rel":"","context":"In &quot;MP\u0160V&quot;","img":{"alt_text":"","src":"https:\/\/i0.wp.com\/seljak.me\/savjetuje\/wp-content\/uploads\/2022\/06\/5407774_2299653_ls.jpg?resize=350%2C200&ssl=1","width":350,"height":200},"classes":[]},{"id":15767,"url":"https:\/\/seljak.me\/savjetuje\/ministar-poljoprivrede-sumarstva-i-vodoprivrede-g-vladimir-jokovic-prisustvovao-je-manifestaciji-svjetski-dan-vranca\/","url_meta":{"origin":17169,"position":4},"title":"Ministar poljoprivrede, \u0161umarstva i vodoprivrede g. Vladimir Jokovi\u0107, prisustvovao je manifestaciji \u201cSvjetski dan Vranca\u201d","date":"06\/10\/2023","format":false,"excerpt":"Ministar poljoprivrede, \u0161umarstva i vodoprivrede\u00a0Vladimir Jokovi\u0107, prisustvovao je manifestaciji \u201eSvjetski dan Vranca\u201d, koja se tradicionalno odr\u017eava peti put zaredom, u organizaciji udru\u017eenja \u201eVina iz Makedonije\u201d. Ova manifestacija je jedinstvena prilika da se na jednom mjestu ujedine doma\u0107i I regionalni proizvo\u0111a\u010di vina i ljubitelji vina, kao i da se razmijene iskustva\u2026","rel":"","context":"In &quot;MP\u0160V&quot;","img":{"alt_text":"","src":"https:\/\/i0.wp.com\/seljak.me\/savjetuje\/wp-content\/uploads\/2023\/10\/385781111_731654245669450_5768220866901864199_n.jpg?resize=350%2C200&ssl=1","width":350,"height":200},"classes":[]},{"id":14847,"url":"https:\/\/seljak.me\/savjetuje\/ministar-jokovic-otvorio-konferenciju-o-izazovima-bezbjednosti-i-sigurnosti-hrane-u-jugoistocnoj-evropi\/","url_meta":{"origin":17169,"position":5},"title":"Ministar Jokovi\u0107 otvorio Konferenciju o izazovima bezbjednosti i sigurnosti hrane u jugoisto\u010dnoj Evropi","date":"12\/04\/2023","format":false,"excerpt":"Ju\u010de je u Podgorici po\u010dela dvodnevna Konferencija o izazovima sigurnosti i bezbjednosti hrane u organizaciji Ministarstva poljoprivrede, \u0161umarstva i vodoprivrede, u okviru predsjedavanja Crne Gore Procesom saradnje u jugoisto\u010dnoj Evropi (SEECP). Potpredsjednik Vlade i ministar poljoprivrede, \u0161umarstva i vodoprivrede\u00a0Vladimir Jokovi\u0107\u00a0je u svom uvodnom obra\u0107anju naglasio zna\u010daj sigurnosti i bezbjednosti hrane\u2026","rel":"","context":"In &quot;MP\u0160V&quot;","img":{"alt_text":"","src":"https:\/\/i0.wp.com\/seljak.me\/savjetuje\/wp-content\/uploads\/2023\/04\/1681215280v9fmpxbgslrml69h-i_747x498.jpg?resize=350%2C200&ssl=1","width":350,"height":200},"classes":[]}],"_links":{"self":[{"href":"https:\/\/seljak.me\/savjetuje\/wp-json\/wp\/v2\/posts\/17169"}],"collection":[{"href":"https:\/\/seljak.me\/savjetuje\/wp-json\/wp\/v2\/posts"}],"about":[{"href":"https:\/\/seljak.me\/savjetuje\/wp-json\/wp\/v2\/types\/post"}],"author":[{"embeddable":true,"href":"https:\/\/seljak.me\/savjetuje\/wp-json\/wp\/v2\/users\/7"}],"replies":[{"embeddable":true,"href":"https:\/\/seljak.me\/savjetuje\/wp-json\/wp\/v2\/comments?post=17169"}],"version-history":[{"count":1,"href":"https:\/\/seljak.me\/savjetuje\/wp-json\/wp\/v2\/posts\/17169\/revisions"}],"predecessor-version":[{"id":17171,"href":"https:\/\/seljak.me\/savjetuje\/wp-json\/wp\/v2\/posts\/17169\/revisions\/17171"}],"wp:featuredmedia":[{"embeddable":true,"href":"https:\/\/seljak.me\/savjetuje\/wp-json\/wp\/v2\/media\/17170"}],"wp:attachment":[{"href":"https:\/\/seljak.me\/savjetuje\/wp-json\/wp\/v2\/media?parent=17169"}],"wp:term":[{"taxonomy":"category","embeddable":true,"href":"https:\/\/seljak.me\/savjetuje\/wp-json\/wp\/v2\/categories?post=17169"},{"taxonomy":"post_tag","embeddable":true,"href":"https:\/\/seljak.me\/savjetuje\/wp-json\/wp\/v2\/tags?post=17169"}],"curies":[{"name":"wp","href":"https:\/\/api.w.org\/{rel}","templated":true}]}}