{"id":13754,"date":"2023-02-17T14:15:57","date_gmt":"2023-02-17T12:15:57","guid":{"rendered":"https:\/\/seljak.me\/savjetuje\/?p=13754"},"modified":"2023-09-25T08:43:38","modified_gmt":"2023-09-25T06:43:38","slug":"ukradeno-690-ovaca-tek-nakon-par-mjeseci-vlasnih-shvatio-da-ih-nema","status":"publish","type":"post","link":"https:\/\/seljak.me\/savjetuje\/ukradeno-690-ovaca-tek-nakon-par-mjeseci-vlasnih-shvatio-da-ih-nema\/","title":{"rendered":"Ukradeno 690 ovaca- tek nakon par mjeseci vlasnih shvatio da ih nema"},"content":{"rendered":"<p style=\"text-align: justify;\">Sa farme u Loganu ukradeno je 690 ovaca, objavila je Australijska policija. Iz policije navode da je vlasnik prijavio nestanak po\u010detkom ovog mjeseca, kada je do\u0161lo vrijeme za \u0161i\u0161anje ovaca.<\/p>\n<p style=\"text-align: justify;\">\u201cImali smo prijave da je nekoliko velikih kamiona u vi\u0161e navrata bilo u ovom podru\u010dju tokom mjeseca oktobra u kasnim no\u0107nim satima. Zadr\u017eali su se u blizini farme. Mislimo da je ovo prili\u010dno dobro organizovana kra\u0111a ovaca\u201d, saop\u0161tava policajac <strong>Dan<\/strong> <strong>O\u2019Bree<\/strong>.<\/p>\n<div id=\"attachment_13747\" style=\"width: 1034px\" class=\"wp-caption aligncenter\"><img aria-describedby=\"caption-attachment-13747\" data-attachment-id=\"13747\" data-permalink=\"https:\/\/seljak.me\/savjetuje\/?attachment_id=13747\" data-orig-file=\"https:\/\/seljak.me\/savjetuje\/wp-content\/uploads\/2023\/02\/sheeps-2022-11-10-17-59-15-utc-scaled.jpg\" data-orig-size=\"2560,1707\" data-comments-opened=\"0\" data-image-meta=\"{&quot;aperture&quot;:&quot;5.6&quot;,&quot;credit&quot;:&quot;Vitaly Romanovich&quot;,&quot;camera&quot;:&quot;DSLR-A700&quot;,&quot;caption&quot;:&quot;Group of mountain sheep are grazed on the nature&quot;,&quot;created_timestamp&quot;:&quot;1250100753&quot;,&quot;copyright&quot;:&quot;&quot;,&quot;focal_length&quot;:&quot;105&quot;,&quot;iso&quot;:&quot;200&quot;,&quot;shutter_speed&quot;:&quot;0.00625&quot;,&quot;title&quot;:&quot;Sheep&#039;s family&quot;,&quot;orientation&quot;:&quot;1&quot;}\" data-image-title=\"Sheep&#8217;s family\" data-image-description=\"\" data-image-caption=\"&lt;p&gt;Group of mountain sheep are grazed on the nature&lt;\/p&gt;\n\" data-medium-file=\"https:\/\/seljak.me\/savjetuje\/wp-content\/uploads\/2023\/02\/sheeps-2022-11-10-17-59-15-utc-300x200.jpg\" data-large-file=\"https:\/\/seljak.me\/savjetuje\/wp-content\/uploads\/2023\/02\/sheeps-2022-11-10-17-59-15-utc-1024x683.jpg\" loading=\"lazy\" class=\"wp-image-13747 size-large\" src=\"https:\/\/seljak.me\/savjetuje\/wp-content\/uploads\/2023\/02\/sheeps-2022-11-10-17-59-15-utc-1024x683.jpg\" alt=\"\" width=\"1024\" height=\"683\" srcset=\"https:\/\/seljak.me\/savjetuje\/wp-content\/uploads\/2023\/02\/sheeps-2022-11-10-17-59-15-utc-1024x683.jpg 1024w, https:\/\/seljak.me\/savjetuje\/wp-content\/uploads\/2023\/02\/sheeps-2022-11-10-17-59-15-utc-300x200.jpg 300w, https:\/\/seljak.me\/savjetuje\/wp-content\/uploads\/2023\/02\/sheeps-2022-11-10-17-59-15-utc-150x100.jpg 150w, https:\/\/seljak.me\/savjetuje\/wp-content\/uploads\/2023\/02\/sheeps-2022-11-10-17-59-15-utc-768x512.jpg 768w, https:\/\/seljak.me\/savjetuje\/wp-content\/uploads\/2023\/02\/sheeps-2022-11-10-17-59-15-utc-1536x1024.jpg 1536w, https:\/\/seljak.me\/savjetuje\/wp-content\/uploads\/2023\/02\/sheeps-2022-11-10-17-59-15-utc-2048x1365.jpg 2048w, https:\/\/seljak.me\/savjetuje\/wp-content\/uploads\/2023\/02\/sheeps-2022-11-10-17-59-15-utc-1200x800.jpg 1200w, https:\/\/seljak.me\/savjetuje\/wp-content\/uploads\/2023\/02\/sheeps-2022-11-10-17-59-15-utc-600x400.jpg 600w\" sizes=\"(max-width: 1024px) 100vw, 1024px\" \/><p id=\"caption-attachment-13747\" class=\"wp-caption-text\">\u00a0<\/p><\/div>\n<blockquote><p>Policija tako\u0111e smatra da su kradljivci morali imati ov\u010darske pse i prenosne ograde kako bi uspjeli namamiti ovce da napuste farmu.<\/p><\/blockquote>\n<p style=\"text-align: justify;\">Vlasnik se pravdao da nije primijetio da su nestale zato \u0161to ih du\u017ee vrijeme nije prebrojavao, ali da je policiju odmah obavijestio kada je shvatio \u0161ta se dogodilo. U stadu je ostalo jo\u0161<strong> 1.110 ovaca.<\/strong><\/p>\n<p>&nbsp;<\/p>\n<p>&nbsp;<\/p>\n<p>&nbsp;<\/p>\n<p>Izvor: Analitika<\/p>\n","protected":false},"excerpt":{"rendered":"<p>Sa farme u Loganu ukradeno je 690 ovaca, objavila je Australijska policija. Iz policije navode da je vlasnik prijavio nestanak po\u010detkom ovog mjeseca, kada je do\u0161lo vrijeme za \u0161i\u0161anje ovaca. \u201cImali smo prijave da je nekoliko velikih kamiona u vi\u0161e navrata bilo u ovom podru\u010dju tokom mjeseca oktobra u kasnim no\u0107nim satima. Zadr\u017eali su se&#8230;<a class=\"btnReadMore\" href=\"https:\/\/seljak.me\/savjetuje\/ukradeno-690-ovaca-tek-nakon-par-mjeseci-vlasnih-shvatio-da-ih-nema\/\"> Pro\u010ditajte vi\u0161e&#8230;<\/a><\/p>\n","protected":false},"author":2,"featured_media":13748,"comment_status":"closed","ping_status":"closed","sticky":false,"template":"","format":"standard","meta":{"ngg_post_thumbnail":0,"spay_email":""},"categories":[39,24,22],"tags":[1936],"yoast_head":"<!-- This site is optimized with the Yoast SEO plugin v17.7.1 - https:\/\/yoast.com\/wordpress\/plugins\/seo\/ -->\n<title>Ukradeno 690 ovaca- tek nakon par mjeseci vlasnih shvatio da ih nema - Savjetuje<\/title>\n<meta name=\"description\" content=\"Sa farme u Loganu ukradeno je 690 ovaca, objavila je Australijska policija. Iz policije navode da je vlasnik prijavio nestanak po\u010detkom...\" \/>\n<meta name=\"robots\" content=\"index, follow, max-snippet:-1, max-image-preview:large, max-video-preview:-1\" \/>\n<link rel=\"canonical\" href=\"https:\/\/seljak.me\/savjetuje\/ukradeno-690-ovaca-tek-nakon-par-mjeseci-vlasnih-shvatio-da-ih-nema\/\" \/>\n<meta property=\"og:locale\" content=\"sr_RS\" \/>\n<meta property=\"og:type\" content=\"article\" \/>\n<meta property=\"og:title\" content=\"Ukradeno 690 ovaca- tek nakon par mjeseci vlasnih shvatio da ih nema - Savjetuje\" \/>\n<meta property=\"og:description\" content=\"Sa farme u Loganu ukradeno je 690 ovaca, objavila je Australijska policija. Iz policije navode da je vlasnik prijavio nestanak po\u010detkom...\" \/>\n<meta property=\"og:url\" content=\"https:\/\/seljak.me\/savjetuje\/ukradeno-690-ovaca-tek-nakon-par-mjeseci-vlasnih-shvatio-da-ih-nema\/\" \/>\n<meta property=\"og:site_name\" content=\"Savjetuje\" \/>\n<meta property=\"article:publisher\" content=\"https:\/\/www.facebook.com\/seljak.me\/\" \/>\n<meta property=\"article:published_time\" content=\"2023-02-17T12:15:57+00:00\" \/>\n<meta property=\"article:modified_time\" content=\"2023-09-25T06:43:38+00:00\" \/>\n<meta property=\"og:image\" content=\"https:\/\/seljak.me\/savjetuje\/wp-content\/uploads\/2023\/02\/flock-of-lofoten-sheep-2022-02-02-05-07-26-utc-scaled.jpg\" \/>\n\t<meta property=\"og:image:width\" content=\"2560\" \/>\n\t<meta property=\"og:image:height\" content=\"1707\" \/>\n<meta name=\"twitter:card\" content=\"summary_large_image\" \/>\n<meta name=\"twitter:label1\" content=\"Written by\" \/>\n\t<meta name=\"twitter:data1\" content=\"Dina Maljevi\u0107\" \/>\n\t<meta name=\"twitter:label2\" content=\"Est. reading time\" \/>\n\t<meta name=\"twitter:data2\" content=\"1 \u043c\u0438\u043d\u0443\u0442\" \/>\n<script type=\"application\/ld+json\" class=\"yoast-schema-graph\">{\"@context\":\"https:\/\/schema.org\",\"@graph\":[{\"@type\":\"WebSite\",\"@id\":\"https:\/\/seljak.me\/savjetuje\/#website\",\"url\":\"https:\/\/seljak.me\/savjetuje\/\",\"name\":\"Savjetuje\",\"description\":\"Seljak savjetuje\",\"potentialAction\":[{\"@type\":\"SearchAction\",\"target\":{\"@type\":\"EntryPoint\",\"urlTemplate\":\"https:\/\/seljak.me\/savjetuje\/?s={search_term_string}\"},\"query-input\":\"required name=search_term_string\"}],\"inLanguage\":\"sr-RS\"},{\"@type\":\"ImageObject\",\"@id\":\"https:\/\/seljak.me\/savjetuje\/ukradeno-690-ovaca-tek-nakon-par-mjeseci-vlasnih-shvatio-da-ih-nema\/#primaryimage\",\"inLanguage\":\"sr-RS\",\"url\":\"https:\/\/seljak.me\/savjetuje\/wp-content\/uploads\/2023\/02\/flock-of-lofoten-sheep-2022-02-02-05-07-26-utc-scaled.jpg\",\"contentUrl\":\"https:\/\/seljak.me\/savjetuje\/wp-content\/uploads\/2023\/02\/flock-of-lofoten-sheep-2022-02-02-05-07-26-utc-scaled.jpg\",\"width\":2560,\"height\":1707,\"caption\":\"Flock of Lofoten sheep on hills of mountains, Norway\"},{\"@type\":\"WebPage\",\"@id\":\"https:\/\/seljak.me\/savjetuje\/ukradeno-690-ovaca-tek-nakon-par-mjeseci-vlasnih-shvatio-da-ih-nema\/#webpage\",\"url\":\"https:\/\/seljak.me\/savjetuje\/ukradeno-690-ovaca-tek-nakon-par-mjeseci-vlasnih-shvatio-da-ih-nema\/\",\"name\":\"Ukradeno 690 ovaca- tek nakon par mjeseci vlasnih shvatio da ih nema - Savjetuje\",\"isPartOf\":{\"@id\":\"https:\/\/seljak.me\/savjetuje\/#website\"},\"primaryImageOfPage\":{\"@id\":\"https:\/\/seljak.me\/savjetuje\/ukradeno-690-ovaca-tek-nakon-par-mjeseci-vlasnih-shvatio-da-ih-nema\/#primaryimage\"},\"datePublished\":\"2023-02-17T12:15:57+00:00\",\"dateModified\":\"2023-09-25T06:43:38+00:00\",\"author\":{\"@id\":\"https:\/\/seljak.me\/savjetuje\/#\/schema\/person\/1d38406c695e2d235be418bac7d046b0\"},\"description\":\"Sa farme u Loganu ukradeno je 690 ovaca, objavila je Australijska policija. Iz policije navode da je vlasnik prijavio nestanak po\\u010detkom...\",\"breadcrumb\":{\"@id\":\"https:\/\/seljak.me\/savjetuje\/ukradeno-690-ovaca-tek-nakon-par-mjeseci-vlasnih-shvatio-da-ih-nema\/#breadcrumb\"},\"inLanguage\":\"sr-RS\",\"potentialAction\":[{\"@type\":\"ReadAction\",\"target\":[\"https:\/\/seljak.me\/savjetuje\/ukradeno-690-ovaca-tek-nakon-par-mjeseci-vlasnih-shvatio-da-ih-nema\/\"]}]},{\"@type\":\"BreadcrumbList\",\"@id\":\"https:\/\/seljak.me\/savjetuje\/ukradeno-690-ovaca-tek-nakon-par-mjeseci-vlasnih-shvatio-da-ih-nema\/#breadcrumb\",\"itemListElement\":[{\"@type\":\"ListItem\",\"position\":1,\"name\":\"Naslovna\",\"item\":\"https:\/\/seljak.me\/savjetuje\/\"},{\"@type\":\"ListItem\",\"position\":2,\"name\":\"Ukradeno 690 ovaca- tek nakon par mjeseci vlasnih shvatio da ih nema\"}]},{\"@type\":\"Person\",\"@id\":\"https:\/\/seljak.me\/savjetuje\/#\/schema\/person\/1d38406c695e2d235be418bac7d046b0\",\"name\":\"Dina Maljevi\\u0107\",\"image\":{\"@type\":\"ImageObject\",\"@id\":\"https:\/\/seljak.me\/savjetuje\/#personlogo\",\"inLanguage\":\"sr-RS\",\"url\":\"https:\/\/seljak.me\/savjetuje\/wp-content\/uploads\/2022\/02\/viber_image_2022-02-24_12-49-23-447-1-e1645703594967-96x96.jpg\",\"contentUrl\":\"https:\/\/seljak.me\/savjetuje\/wp-content\/uploads\/2022\/02\/viber_image_2022-02-24_12-49-23-447-1-e1645703594967-96x96.jpg\",\"caption\":\"Dina Maljevi\\u0107\"},\"description\":\"dipl. ing. prehrambene tehnologije\",\"sameAs\":[\"Dina Maljevic\"],\"url\":\"https:\/\/seljak.me\/savjetuje\/author\/dina-maljevic\/\"}]}<\/script>\n<!-- \/ Yoast SEO plugin. -->","yoast_head_json":{"title":"Ukradeno 690 ovaca- tek nakon par mjeseci vlasnih shvatio da ih nema - Savjetuje","description":"Sa farme u Loganu ukradeno je 690 ovaca, objavila je Australijska policija. Iz policije navode da je vlasnik prijavio nestanak po\u010detkom...","robots":{"index":"index","follow":"follow","max-snippet":"max-snippet:-1","max-image-preview":"max-image-preview:large","max-video-preview":"max-video-preview:-1"},"canonical":"https:\/\/seljak.me\/savjetuje\/ukradeno-690-ovaca-tek-nakon-par-mjeseci-vlasnih-shvatio-da-ih-nema\/","og_locale":"sr_RS","og_type":"article","og_title":"Ukradeno 690 ovaca- tek nakon par mjeseci vlasnih shvatio da ih nema - Savjetuje","og_description":"Sa farme u Loganu ukradeno je 690 ovaca, objavila je Australijska policija. Iz policije navode da je vlasnik prijavio nestanak po\u010detkom...","og_url":"https:\/\/seljak.me\/savjetuje\/ukradeno-690-ovaca-tek-nakon-par-mjeseci-vlasnih-shvatio-da-ih-nema\/","og_site_name":"Savjetuje","article_publisher":"https:\/\/www.facebook.com\/seljak.me\/","article_published_time":"2023-02-17T12:15:57+00:00","article_modified_time":"2023-09-25T06:43:38+00:00","og_image":[{"width":2560,"height":1707,"url":"https:\/\/seljak.me\/savjetuje\/wp-content\/uploads\/2023\/02\/flock-of-lofoten-sheep-2022-02-02-05-07-26-utc-scaled.jpg","type":"image\/jpeg"}],"twitter_card":"summary_large_image","twitter_misc":{"Written by":"Dina Maljevi\u0107","Est. reading time":"1 \u043c\u0438\u043d\u0443\u0442"},"schema":{"@context":"https:\/\/schema.org","@graph":[{"@type":"WebSite","@id":"https:\/\/seljak.me\/savjetuje\/#website","url":"https:\/\/seljak.me\/savjetuje\/","name":"Savjetuje","description":"Seljak savjetuje","potentialAction":[{"@type":"SearchAction","target":{"@type":"EntryPoint","urlTemplate":"https:\/\/seljak.me\/savjetuje\/?s={search_term_string}"},"query-input":"required name=search_term_string"}],"inLanguage":"sr-RS"},{"@type":"ImageObject","@id":"https:\/\/seljak.me\/savjetuje\/ukradeno-690-ovaca-tek-nakon-par-mjeseci-vlasnih-shvatio-da-ih-nema\/#primaryimage","inLanguage":"sr-RS","url":"https:\/\/seljak.me\/savjetuje\/wp-content\/uploads\/2023\/02\/flock-of-lofoten-sheep-2022-02-02-05-07-26-utc-scaled.jpg","contentUrl":"https:\/\/seljak.me\/savjetuje\/wp-content\/uploads\/2023\/02\/flock-of-lofoten-sheep-2022-02-02-05-07-26-utc-scaled.jpg","width":2560,"height":1707,"caption":"Flock of Lofoten sheep on hills of mountains, Norway"},{"@type":"WebPage","@id":"https:\/\/seljak.me\/savjetuje\/ukradeno-690-ovaca-tek-nakon-par-mjeseci-vlasnih-shvatio-da-ih-nema\/#webpage","url":"https:\/\/seljak.me\/savjetuje\/ukradeno-690-ovaca-tek-nakon-par-mjeseci-vlasnih-shvatio-da-ih-nema\/","name":"Ukradeno 690 ovaca- tek nakon par mjeseci vlasnih shvatio da ih nema - Savjetuje","isPartOf":{"@id":"https:\/\/seljak.me\/savjetuje\/#website"},"primaryImageOfPage":{"@id":"https:\/\/seljak.me\/savjetuje\/ukradeno-690-ovaca-tek-nakon-par-mjeseci-vlasnih-shvatio-da-ih-nema\/#primaryimage"},"datePublished":"2023-02-17T12:15:57+00:00","dateModified":"2023-09-25T06:43:38+00:00","author":{"@id":"https:\/\/seljak.me\/savjetuje\/#\/schema\/person\/1d38406c695e2d235be418bac7d046b0"},"description":"Sa farme u Loganu ukradeno je 690 ovaca, objavila je Australijska policija. Iz policije navode da je vlasnik prijavio nestanak po\u010detkom...","breadcrumb":{"@id":"https:\/\/seljak.me\/savjetuje\/ukradeno-690-ovaca-tek-nakon-par-mjeseci-vlasnih-shvatio-da-ih-nema\/#breadcrumb"},"inLanguage":"sr-RS","potentialAction":[{"@type":"ReadAction","target":["https:\/\/seljak.me\/savjetuje\/ukradeno-690-ovaca-tek-nakon-par-mjeseci-vlasnih-shvatio-da-ih-nema\/"]}]},{"@type":"BreadcrumbList","@id":"https:\/\/seljak.me\/savjetuje\/ukradeno-690-ovaca-tek-nakon-par-mjeseci-vlasnih-shvatio-da-ih-nema\/#breadcrumb","itemListElement":[{"@type":"ListItem","position":1,"name":"Naslovna","item":"https:\/\/seljak.me\/savjetuje\/"},{"@type":"ListItem","position":2,"name":"Ukradeno 690 ovaca- tek nakon par mjeseci vlasnih shvatio da ih nema"}]},{"@type":"Person","@id":"https:\/\/seljak.me\/savjetuje\/#\/schema\/person\/1d38406c695e2d235be418bac7d046b0","name":"Dina Maljevi\u0107","image":{"@type":"ImageObject","@id":"https:\/\/seljak.me\/savjetuje\/#personlogo","inLanguage":"sr-RS","url":"https:\/\/seljak.me\/savjetuje\/wp-content\/uploads\/2022\/02\/viber_image_2022-02-24_12-49-23-447-1-e1645703594967-96x96.jpg","contentUrl":"https:\/\/seljak.me\/savjetuje\/wp-content\/uploads\/2022\/02\/viber_image_2022-02-24_12-49-23-447-1-e1645703594967-96x96.jpg","caption":"Dina Maljevi\u0107"},"description":"dipl. ing. prehrambene tehnologije","sameAs":["Dina Maljevic"],"url":"https:\/\/seljak.me\/savjetuje\/author\/dina-maljevic\/"}]}},"jetpack_featured_media_url":"https:\/\/seljak.me\/savjetuje\/wp-content\/uploads\/2023\/02\/flock-of-lofoten-sheep-2022-02-02-05-07-26-utc-scaled.jpg","jetpack-related-posts":[{"id":3660,"url":"https:\/\/seljak.me\/savjetuje\/dorper-rasa-ovaca\/","url_meta":{"origin":13754,"position":0},"title":"Dorper rasa ovaca","date":"21\/02\/2023","format":false,"excerpt":"Pripremio: D.\u0160. (12-feb-21); a\u017eurirano","rel":"","context":"In &quot;Ov\u010darstvo i kozarstvo&quot;","img":{"alt_text":"","src":"https:\/\/i0.wp.com\/seljak.me\/savjetuje\/wp-content\/uploads\/2021\/02\/1955d5ff47dc0d09f5c7fe564043c7a5.jpg?resize=350%2C200&ssl=1","width":350,"height":200},"classes":[]},{"id":15143,"url":"https:\/\/seljak.me\/savjetuje\/u-pljevljima-psi-i-vukovi-zaklali-stado-od-45-ovaca-i-koza-u-vise-odvojenih-slucajeva\/","url_meta":{"origin":13754,"position":1},"title":"U Pljevljima psi i  vukovi zaklali stado od 45 ovaca i koza u vi\u0161e odvojenih slu\u010dajeva","date":"11\/05\/2023","format":false,"excerpt":"Na podru\u010dju pljevaljske op\u0161tine, u posljednjih dvadeset dana, vukovi i psi lutalice su usmrtili 45 grla sitne stoke i to u vi\u0161e odvojenih slu\u010dajeva.\u00a0 Pored ovaca i koza, na meti \u010dopora su bile svinje i sitna \u017eivina. Napu\u0161teni psi napadali su stada ovaca u selima nadomak grada i u prigradskim\u2026","rel":"","context":"In &quot;Novosti&quot;","img":{"alt_text":"","src":"https:\/\/i0.wp.com\/seljak.me\/savjetuje\/wp-content\/uploads\/2023\/05\/Pljevlja-Crna-Gora_m1rip6.jpg?resize=350%2C200&ssl=1","width":350,"height":200},"classes":[]},{"id":1101,"url":"https:\/\/seljak.me\/savjetuje\/romanovska-ovca\/","url_meta":{"origin":13754,"position":2},"title":"Romanovska ovca","date":"26\/02\/2020","format":false,"excerpt":"Romanovska ovca danas sve vi\u0161e budi pa\u017enju sto\u010dara u Crnoj Gori, i to uglavnom zbog svoje visoke plodnosti. Ova rasa vodi porijeko iz Jaroslavske oblasti, u dolini rijeke Volge gdje je nastala sredinom 19.vijeka. Najvi\u0161e je zastupljena u Rusiji, ali je ima i u drugim evropskim zemljama. Ova rasa je\u2026","rel":"","context":"In &quot;Ov\u010darstvo i kozarstvo&quot;","img":{"alt_text":"","src":"https:\/\/i0.wp.com\/seljak.me\/savjetuje\/wp-content\/uploads\/2020\/02\/romanovska-ovca.jpg?resize=350%2C200&ssl=1","width":350,"height":200},"classes":[]},{"id":9907,"url":"https:\/\/seljak.me\/savjetuje\/striza-sisanje-ovaca-korisna-potreba\/","url_meta":{"origin":13754,"position":3},"title":"Stri\u017ea \u2013 korisna potreba","date":"09\/06\/2022","format":false,"excerpt":"Davno je pro\u0161lo vrijeme od prvih oplemenjenih ovaca kada je umjesto vune bila prisutna dlaka. Takve ovce koje istina i danas postoje ne zahtijevaju stri\u017eu. Me\u0111utim, ne tako davno imali smo i primitivne rase ovaca koje su same svoju vunu odbacivale \u2013 nijesu zahtijevale obaveznu stri\u017eu, iako je ona \u010desto\u2026","rel":"","context":"In &quot;Ov\u010darstvo i kozarstvo&quot;","img":{"alt_text":"Traditional Vintage Blade Shears","src":"https:\/\/i0.wp.com\/seljak.me\/savjetuje\/wp-content\/uploads\/2022\/06\/traditional-vintage-blade-shears.jpg?resize=350%2C200&ssl=1","width":350,"height":200},"classes":[]},{"id":13786,"url":"https:\/\/seljak.me\/savjetuje\/farme-svinja-u-crnoj-gori-zapale-u-tesku-situaciju\/","url_meta":{"origin":13754,"position":4},"title":"Farme svinja u Crnoj Gori zapale u te\u0161ku situaciju","date":"20\/02\/2023","format":false,"excerpt":"Zbog nemogu\u0107nosti uvoza rasnih prasilja farme svinja u Crnoj Gori zapale su u te\u0161ku situaciju i prijeti im zatvaranje, ka\u017ee poljoprivrednik Tomo Lutovac iz beranskog sela Zagorje, vlasnik jedne od najve\u0107ih farmi svinja na sjeveru na\u0161e zemlje. Uvoz rasnih grla iz Srbije je zabranjen zbog pojave afri\u010dke svinjske kuge u\u2026","rel":"","context":"In &quot;Novosti&quot;","img":{"alt_text":"","src":"https:\/\/i0.wp.com\/seljak.me\/savjetuje\/wp-content\/uploads\/2023\/02\/young-pigs-and-piglets-in-barn-livestock-farm-2022-12-06-23-30-04-utc-scaled.jpg?resize=350%2C200&ssl=1","width":350,"height":200},"classes":[]},{"id":6665,"url":"https:\/\/seljak.me\/savjetuje\/pivska-pramenka\/","url_meta":{"origin":13754,"position":5},"title":"Pivska pramenka","date":"09\/02\/2022","format":false,"excerpt":"Poslednjih decenija primjetno je konstantno opadanje populacije, pa je procjena da je njeno brojno stanje u 2019. godini bilo svega 3000 \u010distokrvnih jedinki.","rel":"","context":"In &quot;Ov\u010darstvo i kozarstvo&quot;","img":{"alt_text":"","src":"https:\/\/i0.wp.com\/seljak.me\/savjetuje\/wp-content\/uploads\/2022\/02\/IMG_20220506_142255-scaled.jpg?resize=350%2C200&ssl=1","width":350,"height":200},"classes":[]}],"_links":{"self":[{"href":"https:\/\/seljak.me\/savjetuje\/wp-json\/wp\/v2\/posts\/13754"}],"collection":[{"href":"https:\/\/seljak.me\/savjetuje\/wp-json\/wp\/v2\/posts"}],"about":[{"href":"https:\/\/seljak.me\/savjetuje\/wp-json\/wp\/v2\/types\/post"}],"author":[{"embeddable":true,"href":"https:\/\/seljak.me\/savjetuje\/wp-json\/wp\/v2\/users\/2"}],"replies":[{"embeddable":true,"href":"https:\/\/seljak.me\/savjetuje\/wp-json\/wp\/v2\/comments?post=13754"}],"version-history":[{"count":1,"href":"https:\/\/seljak.me\/savjetuje\/wp-json\/wp\/v2\/posts\/13754\/revisions"}],"predecessor-version":[{"id":13755,"href":"https:\/\/seljak.me\/savjetuje\/wp-json\/wp\/v2\/posts\/13754\/revisions\/13755"}],"wp:featuredmedia":[{"embeddable":true,"href":"https:\/\/seljak.me\/savjetuje\/wp-json\/wp\/v2\/media\/13748"}],"wp:attachment":[{"href":"https:\/\/seljak.me\/savjetuje\/wp-json\/wp\/v2\/media?parent=13754"}],"wp:term":[{"taxonomy":"category","embeddable":true,"href":"https:\/\/seljak.me\/savjetuje\/wp-json\/wp\/v2\/categories?post=13754"},{"taxonomy":"post_tag","embeddable":true,"href":"https:\/\/seljak.me\/savjetuje\/wp-json\/wp\/v2\/tags?post=13754"}],"curies":[{"name":"wp","href":"https:\/\/api.w.org\/{rel}","templated":true}]}}