{"id":13704,"date":"2023-02-17T11:24:32","date_gmt":"2023-02-17T09:24:32","guid":{"rendered":"https:\/\/seljak.me\/savjetuje\/?p=13704"},"modified":"2023-02-17T11:24:32","modified_gmt":"2023-02-17T09:24:32","slug":"evidentan-rast-otkupa-mlijeka-krajem-prosle-godine","status":"publish","type":"post","link":"https:\/\/seljak.me\/savjetuje\/evidentan-rast-otkupa-mlijeka-krajem-prosle-godine\/","title":{"rendered":"Evidentan rast otkupa mlijeka krajem pro\u0161le godine"},"content":{"rendered":"<p><strong>Ukupna koli\u010dina otkupljenog kravljeg mlijeka, od strane mljekara na teritoriji Crne Gore, u \u010detvrtom kvartalu 2022. godine iznosi 6.508.127 kg i bilje\u017ei rast od 5,6% u odnosu na isti kvartal 2021. godine<\/strong>.<\/p>\n<p>Prosje\u010dan sadr\u017eaj mlje\u010dne masti u \u010detvrtom kvartalu 2022. godine, u odnosu na \u010detvrti kvartal 2021. godine bilje\u017ei rast od 6,3%, dok prosje\u010dan sadr\u017eaj proteina bilje\u017ei rast od 7%.<\/p>\n<p>U \u010detvrtom kvartalu 2022. godine u odnosu na isti kvartal 2021. godine, zabilje\u017eeno je <strong>pove\u0107anje<\/strong> i to proizvodnje:<\/p>\n<ul>\n<li><strong>konzumnog mlijeka<\/strong> &#8211; za 1,8%;<\/li>\n<li><strong> pavlake<\/strong> &#8211; za 2,5% i<\/li>\n<li><strong>fermentisanih mlje\u010dnih proizvoda<\/strong> &#8211; za 10,2%.<\/li>\n<\/ul>\n<p>U \u010detvrtom kvartalu 2022. godine u odnosu na isti kvartal 2021. godine, zabilje\u017eeno je <b>smanjenje <\/b>i to proizvodnje:<\/p>\n<ul>\n<li><strong>kajmaka<\/strong> &#8211; za 10,7% i<\/li>\n<li><strong>sira<\/strong> &#8211; za 17,3%.<\/li>\n<\/ul>\n<div id=\"attachment_13705\" style=\"width: 1326px\" class=\"wp-caption alignnone\"><img aria-describedby=\"caption-attachment-13705\" data-attachment-id=\"13705\" data-permalink=\"https:\/\/seljak.me\/savjetuje\/evidentan-rast-otkupa-mlijeka-krajem-prosle-godine\/untitled-59\/\" data-orig-file=\"https:\/\/seljak.me\/savjetuje\/wp-content\/uploads\/2023\/02\/Untitled-3.png\" data-orig-size=\"1316,469\" data-comments-opened=\"0\" data-image-meta=\"{&quot;aperture&quot;:&quot;0&quot;,&quot;credit&quot;:&quot;&quot;,&quot;camera&quot;:&quot;&quot;,&quot;caption&quot;:&quot;&quot;,&quot;created_timestamp&quot;:&quot;0&quot;,&quot;copyright&quot;:&quot;&quot;,&quot;focal_length&quot;:&quot;0&quot;,&quot;iso&quot;:&quot;0&quot;,&quot;shutter_speed&quot;:&quot;0&quot;,&quot;title&quot;:&quot;&quot;,&quot;orientation&quot;:&quot;0&quot;}\" data-image-title=\"Untitled\" data-image-description=\"\" data-image-caption=\"\" data-medium-file=\"https:\/\/seljak.me\/savjetuje\/wp-content\/uploads\/2023\/02\/Untitled-3-300x107.png\" data-large-file=\"https:\/\/seljak.me\/savjetuje\/wp-content\/uploads\/2023\/02\/Untitled-3-1024x365.png\" loading=\"lazy\" class=\"wp-image-13705 size-full\" src=\"https:\/\/seljak.me\/savjetuje\/wp-content\/uploads\/2023\/02\/Untitled-3.png\" alt=\"Evidentan rast otkupa mlijeka krajem pro\u0161le godine\" width=\"1316\" height=\"469\" srcset=\"https:\/\/seljak.me\/savjetuje\/wp-content\/uploads\/2023\/02\/Untitled-3.png 1316w, https:\/\/seljak.me\/savjetuje\/wp-content\/uploads\/2023\/02\/Untitled-3-300x107.png 300w, https:\/\/seljak.me\/savjetuje\/wp-content\/uploads\/2023\/02\/Untitled-3-1024x365.png 1024w, https:\/\/seljak.me\/savjetuje\/wp-content\/uploads\/2023\/02\/Untitled-3-150x53.png 150w, https:\/\/seljak.me\/savjetuje\/wp-content\/uploads\/2023\/02\/Untitled-3-768x274.png 768w, https:\/\/seljak.me\/savjetuje\/wp-content\/uploads\/2023\/02\/Untitled-3-1200x428.png 1200w\" sizes=\"(max-width: 1316px) 100vw, 1316px\" \/><p id=\"caption-attachment-13705\" class=\"wp-caption-text\">Izvor: Monstat<\/p><\/div>\n","protected":false},"excerpt":{"rendered":"<p>\u010cetvrti kvartal 2022.<\/p>\n","protected":false},"author":3,"featured_media":13709,"comment_status":"closed","ping_status":"closed","sticky":false,"template":"","format":"standard","meta":{"ngg_post_thumbnail":0,"spay_email":""},"categories":[39],"tags":[1234,1873,1614,1872],"yoast_head":"<!-- This site is optimized with the Yoast SEO plugin v17.7.1 - https:\/\/yoast.com\/wordpress\/plugins\/seo\/ -->\n<title>Evidentan rast otkupa mlijeka krajem pro\u0161le godine - Savjetuje<\/title>\n<meta name=\"description\" content=\"Ukupna koli\u010dina otkupljenog kravljeg mlijeka, od strane mljekara na teritoriji Crne Gore, u \u010detvrtom kvartalu 2022. godine iznosi 6.508.127 k\" \/>\n<meta name=\"robots\" content=\"index, follow, max-snippet:-1, max-image-preview:large, max-video-preview:-1\" \/>\n<link rel=\"canonical\" href=\"https:\/\/seljak.me\/savjetuje\/evidentan-rast-otkupa-mlijeka-krajem-prosle-godine\/\" \/>\n<meta property=\"og:locale\" content=\"sr_RS\" \/>\n<meta property=\"og:type\" content=\"article\" \/>\n<meta property=\"og:title\" content=\"Evidentan rast otkupa mlijeka krajem pro\u0161le godine - Savjetuje\" \/>\n<meta property=\"og:description\" content=\"Ukupna koli\u010dina otkupljenog kravljeg mlijeka, od strane mljekara na teritoriji Crne Gore, u \u010detvrtom kvartalu 2022. godine iznosi 6.508.127 k\" \/>\n<meta property=\"og:url\" content=\"https:\/\/seljak.me\/savjetuje\/evidentan-rast-otkupa-mlijeka-krajem-prosle-godine\/\" \/>\n<meta property=\"og:site_name\" content=\"Savjetuje\" \/>\n<meta property=\"article:publisher\" content=\"https:\/\/www.facebook.com\/seljak.me\/\" \/>\n<meta property=\"article:published_time\" content=\"2023-02-17T09:24:32+00:00\" \/>\n<meta property=\"og:image\" content=\"https:\/\/seljak.me\/savjetuje\/wp-content\/uploads\/2023\/02\/415678.png\" \/>\n\t<meta property=\"og:image:width\" content=\"1460\" \/>\n\t<meta property=\"og:image:height\" content=\"759\" \/>\n<meta name=\"twitter:card\" content=\"summary_large_image\" \/>\n<meta name=\"twitter:label1\" content=\"Written by\" \/>\n\t<meta name=\"twitter:data1\" content=\"Marko Cerovi\u0107\" \/>\n\t<meta name=\"twitter:label2\" content=\"Est. reading time\" \/>\n\t<meta name=\"twitter:data2\" content=\"1 \u043c\u0438\u043d\u0443\u0442\" \/>\n<script type=\"application\/ld+json\" class=\"yoast-schema-graph\">{\"@context\":\"https:\/\/schema.org\",\"@graph\":[{\"@type\":\"WebSite\",\"@id\":\"https:\/\/seljak.me\/savjetuje\/#website\",\"url\":\"https:\/\/seljak.me\/savjetuje\/\",\"name\":\"Savjetuje\",\"description\":\"Seljak savjetuje\",\"potentialAction\":[{\"@type\":\"SearchAction\",\"target\":{\"@type\":\"EntryPoint\",\"urlTemplate\":\"https:\/\/seljak.me\/savjetuje\/?s={search_term_string}\"},\"query-input\":\"required name=search_term_string\"}],\"inLanguage\":\"sr-RS\"},{\"@type\":\"ImageObject\",\"@id\":\"https:\/\/seljak.me\/savjetuje\/evidentan-rast-otkupa-mlijeka-krajem-prosle-godine\/#primaryimage\",\"inLanguage\":\"sr-RS\",\"url\":\"https:\/\/seljak.me\/savjetuje\/wp-content\/uploads\/2023\/02\/415678.png\",\"contentUrl\":\"https:\/\/seljak.me\/savjetuje\/wp-content\/uploads\/2023\/02\/415678.png\",\"width\":1460,\"height\":759},{\"@type\":\"WebPage\",\"@id\":\"https:\/\/seljak.me\/savjetuje\/evidentan-rast-otkupa-mlijeka-krajem-prosle-godine\/#webpage\",\"url\":\"https:\/\/seljak.me\/savjetuje\/evidentan-rast-otkupa-mlijeka-krajem-prosle-godine\/\",\"name\":\"Evidentan rast otkupa mlijeka krajem pro\\u0161le godine - Savjetuje\",\"isPartOf\":{\"@id\":\"https:\/\/seljak.me\/savjetuje\/#website\"},\"primaryImageOfPage\":{\"@id\":\"https:\/\/seljak.me\/savjetuje\/evidentan-rast-otkupa-mlijeka-krajem-prosle-godine\/#primaryimage\"},\"datePublished\":\"2023-02-17T09:24:32+00:00\",\"dateModified\":\"2023-02-17T09:24:32+00:00\",\"author\":{\"@id\":\"https:\/\/seljak.me\/savjetuje\/#\/schema\/person\/04fecd971a1f79879980b03a07c1a45a\"},\"description\":\"Ukupna koli\\u010dina otkupljenog kravljeg mlijeka, od strane mljekara na teritoriji Crne Gore, u \\u010detvrtom kvartalu 2022. godine iznosi 6.508.127 k\",\"breadcrumb\":{\"@id\":\"https:\/\/seljak.me\/savjetuje\/evidentan-rast-otkupa-mlijeka-krajem-prosle-godine\/#breadcrumb\"},\"inLanguage\":\"sr-RS\",\"potentialAction\":[{\"@type\":\"ReadAction\",\"target\":[\"https:\/\/seljak.me\/savjetuje\/evidentan-rast-otkupa-mlijeka-krajem-prosle-godine\/\"]}]},{\"@type\":\"BreadcrumbList\",\"@id\":\"https:\/\/seljak.me\/savjetuje\/evidentan-rast-otkupa-mlijeka-krajem-prosle-godine\/#breadcrumb\",\"itemListElement\":[{\"@type\":\"ListItem\",\"position\":1,\"name\":\"Naslovna\",\"item\":\"https:\/\/seljak.me\/savjetuje\/\"},{\"@type\":\"ListItem\",\"position\":2,\"name\":\"Evidentan rast otkupa mlijeka krajem pro\\u0161le godine\"}]},{\"@type\":\"Person\",\"@id\":\"https:\/\/seljak.me\/savjetuje\/#\/schema\/person\/04fecd971a1f79879980b03a07c1a45a\",\"name\":\"Marko Cerovi\\u0107\",\"image\":{\"@type\":\"ImageObject\",\"@id\":\"https:\/\/seljak.me\/savjetuje\/#personlogo\",\"inLanguage\":\"sr-RS\",\"url\":\"https:\/\/seljak.me\/savjetuje\/wp-content\/uploads\/2022\/10\/photo_2-96x96.png\",\"contentUrl\":\"https:\/\/seljak.me\/savjetuje\/wp-content\/uploads\/2022\/10\/photo_2-96x96.png\",\"caption\":\"Marko Cerovi\\u0107\"},\"sameAs\":[\"Marko Cerovic\"],\"url\":\"https:\/\/seljak.me\/savjetuje\/author\/marko-cerovic\/\"}]}<\/script>\n<!-- \/ Yoast SEO plugin. -->","yoast_head_json":{"title":"Evidentan rast otkupa mlijeka krajem pro\u0161le godine - Savjetuje","description":"Ukupna koli\u010dina otkupljenog kravljeg mlijeka, od strane mljekara na teritoriji Crne Gore, u \u010detvrtom kvartalu 2022. godine iznosi 6.508.127 k","robots":{"index":"index","follow":"follow","max-snippet":"max-snippet:-1","max-image-preview":"max-image-preview:large","max-video-preview":"max-video-preview:-1"},"canonical":"https:\/\/seljak.me\/savjetuje\/evidentan-rast-otkupa-mlijeka-krajem-prosle-godine\/","og_locale":"sr_RS","og_type":"article","og_title":"Evidentan rast otkupa mlijeka krajem pro\u0161le godine - Savjetuje","og_description":"Ukupna koli\u010dina otkupljenog kravljeg mlijeka, od strane mljekara na teritoriji Crne Gore, u \u010detvrtom kvartalu 2022. godine iznosi 6.508.127 k","og_url":"https:\/\/seljak.me\/savjetuje\/evidentan-rast-otkupa-mlijeka-krajem-prosle-godine\/","og_site_name":"Savjetuje","article_publisher":"https:\/\/www.facebook.com\/seljak.me\/","article_published_time":"2023-02-17T09:24:32+00:00","og_image":[{"width":1460,"height":759,"url":"https:\/\/seljak.me\/savjetuje\/wp-content\/uploads\/2023\/02\/415678.png","type":"image\/png"}],"twitter_card":"summary_large_image","twitter_misc":{"Written by":"Marko Cerovi\u0107","Est. reading time":"1 \u043c\u0438\u043d\u0443\u0442"},"schema":{"@context":"https:\/\/schema.org","@graph":[{"@type":"WebSite","@id":"https:\/\/seljak.me\/savjetuje\/#website","url":"https:\/\/seljak.me\/savjetuje\/","name":"Savjetuje","description":"Seljak savjetuje","potentialAction":[{"@type":"SearchAction","target":{"@type":"EntryPoint","urlTemplate":"https:\/\/seljak.me\/savjetuje\/?s={search_term_string}"},"query-input":"required name=search_term_string"}],"inLanguage":"sr-RS"},{"@type":"ImageObject","@id":"https:\/\/seljak.me\/savjetuje\/evidentan-rast-otkupa-mlijeka-krajem-prosle-godine\/#primaryimage","inLanguage":"sr-RS","url":"https:\/\/seljak.me\/savjetuje\/wp-content\/uploads\/2023\/02\/415678.png","contentUrl":"https:\/\/seljak.me\/savjetuje\/wp-content\/uploads\/2023\/02\/415678.png","width":1460,"height":759},{"@type":"WebPage","@id":"https:\/\/seljak.me\/savjetuje\/evidentan-rast-otkupa-mlijeka-krajem-prosle-godine\/#webpage","url":"https:\/\/seljak.me\/savjetuje\/evidentan-rast-otkupa-mlijeka-krajem-prosle-godine\/","name":"Evidentan rast otkupa mlijeka krajem pro\u0161le godine - Savjetuje","isPartOf":{"@id":"https:\/\/seljak.me\/savjetuje\/#website"},"primaryImageOfPage":{"@id":"https:\/\/seljak.me\/savjetuje\/evidentan-rast-otkupa-mlijeka-krajem-prosle-godine\/#primaryimage"},"datePublished":"2023-02-17T09:24:32+00:00","dateModified":"2023-02-17T09:24:32+00:00","author":{"@id":"https:\/\/seljak.me\/savjetuje\/#\/schema\/person\/04fecd971a1f79879980b03a07c1a45a"},"description":"Ukupna koli\u010dina otkupljenog kravljeg mlijeka, od strane mljekara na teritoriji Crne Gore, u \u010detvrtom kvartalu 2022. godine iznosi 6.508.127 k","breadcrumb":{"@id":"https:\/\/seljak.me\/savjetuje\/evidentan-rast-otkupa-mlijeka-krajem-prosle-godine\/#breadcrumb"},"inLanguage":"sr-RS","potentialAction":[{"@type":"ReadAction","target":["https:\/\/seljak.me\/savjetuje\/evidentan-rast-otkupa-mlijeka-krajem-prosle-godine\/"]}]},{"@type":"BreadcrumbList","@id":"https:\/\/seljak.me\/savjetuje\/evidentan-rast-otkupa-mlijeka-krajem-prosle-godine\/#breadcrumb","itemListElement":[{"@type":"ListItem","position":1,"name":"Naslovna","item":"https:\/\/seljak.me\/savjetuje\/"},{"@type":"ListItem","position":2,"name":"Evidentan rast otkupa mlijeka krajem pro\u0161le godine"}]},{"@type":"Person","@id":"https:\/\/seljak.me\/savjetuje\/#\/schema\/person\/04fecd971a1f79879980b03a07c1a45a","name":"Marko Cerovi\u0107","image":{"@type":"ImageObject","@id":"https:\/\/seljak.me\/savjetuje\/#personlogo","inLanguage":"sr-RS","url":"https:\/\/seljak.me\/savjetuje\/wp-content\/uploads\/2022\/10\/photo_2-96x96.png","contentUrl":"https:\/\/seljak.me\/savjetuje\/wp-content\/uploads\/2022\/10\/photo_2-96x96.png","caption":"Marko Cerovi\u0107"},"sameAs":["Marko Cerovic"],"url":"https:\/\/seljak.me\/savjetuje\/author\/marko-cerovic\/"}]}},"jetpack_featured_media_url":"https:\/\/seljak.me\/savjetuje\/wp-content\/uploads\/2023\/02\/415678.png","jetpack-related-posts":[{"id":12191,"url":"https:\/\/seljak.me\/savjetuje\/nastavlja-se-pad-otkupa-mlijeka-pod-strane-mljekara-iii-kvartal\/","url_meta":{"origin":13704,"position":0},"title":"Nastavlja se pad otkupa mlijeka od strane mljekara (III kvartal)","date":"17\/11\/2022","format":false,"excerpt":"Preliminarni podaci Monstata za III kvartal 2022. godine","rel":"","context":"In \"monstat\"","img":{"alt_text":"The milk.","src":"https:\/\/i0.wp.com\/seljak.me\/savjetuje\/wp-content\/uploads\/2022\/11\/the-milk-.jpg?resize=350%2C200&ssl=1","width":350,"height":200},"classes":[]},{"id":11035,"url":"https:\/\/seljak.me\/savjetuje\/otkupljeno-8-manje-mlijeka-proizvodnja-konzumnog-manja-za-126\/","url_meta":{"origin":13704,"position":1},"title":"Otkupljeno 8% manje mlijeka, proizvodnja konzumnog manja za 12,6%","date":"01\/09\/2022","format":false,"excerpt":"Preliminarni podaci Monstata","rel":"","context":"In &quot;Govedarstvo&quot;","img":{"alt_text":"","src":"https:\/\/i0.wp.com\/seljak.me\/savjetuje\/wp-content\/uploads\/2022\/09\/milk-cans-gd21c32766_1920.jpg?resize=350%2C200&ssl=1","width":350,"height":200},"classes":[]},{"id":13792,"url":"https:\/\/seljak.me\/savjetuje\/klanje-stoke-i-zivine-u-klanicama-iv-kvartal-2022\/","url_meta":{"origin":13704,"position":2},"title":"Klanje stoke i \u017eivine u klanicama, IV kvartal 2022.","date":"20\/02\/2023","format":false,"excerpt":"Preliminarni podaci Monstata","rel":"","context":"In &quot;Novosti&quot;","img":{"alt_text":"Sides of pork in cold storage of a slaughterhouse","src":"https:\/\/i0.wp.com\/seljak.me\/savjetuje\/wp-content\/uploads\/2023\/02\/sides-of-pork-in-cold-storage-of-a-slaughterhouse.jpg?resize=350%2C200&ssl=1","width":350,"height":200},"classes":[]},{"id":14028,"url":"https:\/\/seljak.me\/savjetuje\/otkup-i-prodaja-proizvoda-poljoprivrede-sumarstva-i-ribarstva\/","url_meta":{"origin":13704,"position":3},"title":"Otkup i prodaja proizvoda poljoprivrede, \u0161umarstva i ribarstva","date":"28\/02\/2023","format":false,"excerpt":"Vrijednost otkupa i prodaje proizvoda poljoprivrede, \u0161umarstva i ribarstva od strane poslovnih subjekata i zemljoradni\u010dkih zadruga sa dva i vi\u0161e zaposlena radnika u \u010detvrtom kvartalu 2022. godine iznosila je 11,1 mil. EUR, od \u010dega je vrijednost prodaje iz sopstvene proizvodnje 3,5 mil. EUR ili 31,5%, dok je vrijednost otkupa od\u2026","rel":"","context":"In &quot;Novosti&quot;","img":{"alt_text":"","src":"https:\/\/i0.wp.com\/seljak.me\/savjetuje\/wp-content\/uploads\/2023\/02\/business-statistics-2021-09-24-03-40-11-utc-scaled.jpg?resize=350%2C200&ssl=1","width":350,"height":200},"classes":[]},{"id":15211,"url":"https:\/\/seljak.me\/savjetuje\/otkupljeno-vise-mlijeka-nego-prosle-godine\/","url_meta":{"origin":13704,"position":4},"title":"Otkupljeno vi\u0161e mlijeka nego pro\u0161le godine","date":"17\/05\/2023","format":false,"excerpt":"Ukupna koli\u010dina otkupljenog kravljeg mlijeka u prvom kvartalu iznosila je 6,48 miliona litara, \u0161to je 10,3 odsto vi\u0161e u odnosu na isti pro\u0161logodi\u0161nji period. Iz Monstata je saop\u0161teno da je prosje\u010dan sadr\u017eaj mlije\u010dne masti u prvom kvartalu u odnosu na uporedni period porastao 3,2 odsto, dok je sadr\u017eaj proteina manji\u2026","rel":"","context":"In &quot;Novosti&quot;","img":{"alt_text":"Woman buying milk in the supermarket","src":"https:\/\/i0.wp.com\/seljak.me\/savjetuje\/wp-content\/uploads\/2023\/05\/woman-buying-milk-in-the-supermarket.jpg?resize=350%2C200&ssl=1","width":350,"height":200},"classes":[]},{"id":12166,"url":"https:\/\/seljak.me\/savjetuje\/pad-medju-svinjama-dogurao-skoro-do-2-000\/","url_meta":{"origin":13704,"position":5},"title":"Pad me\u0111u svinjama dogurao skoro do 2.000","date":"15\/11\/2022","format":false,"excerpt":"Monstatovi preliminarni podaci za jul, avgust i septembar","rel":"","context":"In &quot;Novosti&quot;","img":{"alt_text":"","src":"https:\/\/i0.wp.com\/seljak.me\/savjetuje\/wp-content\/uploads\/2022\/11\/1245.png?resize=350%2C200&ssl=1","width":350,"height":200},"classes":[]}],"_links":{"self":[{"href":"https:\/\/seljak.me\/savjetuje\/wp-json\/wp\/v2\/posts\/13704"}],"collection":[{"href":"https:\/\/seljak.me\/savjetuje\/wp-json\/wp\/v2\/posts"}],"about":[{"href":"https:\/\/seljak.me\/savjetuje\/wp-json\/wp\/v2\/types\/post"}],"author":[{"embeddable":true,"href":"https:\/\/seljak.me\/savjetuje\/wp-json\/wp\/v2\/users\/3"}],"replies":[{"embeddable":true,"href":"https:\/\/seljak.me\/savjetuje\/wp-json\/wp\/v2\/comments?post=13704"}],"version-history":[{"count":3,"href":"https:\/\/seljak.me\/savjetuje\/wp-json\/wp\/v2\/posts\/13704\/revisions"}],"predecessor-version":[{"id":13710,"href":"https:\/\/seljak.me\/savjetuje\/wp-json\/wp\/v2\/posts\/13704\/revisions\/13710"}],"wp:featuredmedia":[{"embeddable":true,"href":"https:\/\/seljak.me\/savjetuje\/wp-json\/wp\/v2\/media\/13709"}],"wp:attachment":[{"href":"https:\/\/seljak.me\/savjetuje\/wp-json\/wp\/v2\/media?parent=13704"}],"wp:term":[{"taxonomy":"category","embeddable":true,"href":"https:\/\/seljak.me\/savjetuje\/wp-json\/wp\/v2\/categories?post=13704"},{"taxonomy":"post_tag","embeddable":true,"href":"https:\/\/seljak.me\/savjetuje\/wp-json\/wp\/v2\/tags?post=13704"}],"curies":[{"name":"wp","href":"https:\/\/api.w.org\/{rel}","templated":true}]}}