{"id":11749,"date":"2022-10-19T15:06:58","date_gmt":"2022-10-19T13:06:58","guid":{"rendered":"https:\/\/seljak.me\/savjetuje\/?p=11749"},"modified":"2022-10-19T15:06:58","modified_gmt":"2022-10-19T13:06:58","slug":"francuska-poljoprivredna-konkurentnost-opada","status":"publish","type":"post","link":"https:\/\/seljak.me\/savjetuje\/francuska-poljoprivredna-konkurentnost-opada\/","title":{"rendered":"Francuska poljoprivredna konkurentnost opada"},"content":{"rendered":"<p>Poslednjih godina problemi konkurencije doveli su do pada u\u010de\u0161c\u0301a francuskog izvoza na svjetskom tr\u017ei\u0161tu, dok je to isto tr\u017ei\u0161te raslo.<\/p>\n<p>Kritika trojice senatora (Luron Diplom\/Republikanac, Ser\u017e Meriju\/Socijalista i Pjer Luo\/Union Center) fokusira se na trenutnu strategiju \u201e<strong>all upmarket<\/strong>\u201d, odnosno proizvodnje za vi\u0161i tr\u017ei\u0161ni segment. Prema njihovim rije\u010dima, ovo predstavlja realnu opasnost od kolapsa francuskog poljoprivrednog proizvodnog potencijala, nau\u0161trb \u201esuvereniteta hrane\u201d u dr\u017eavi.<\/p>\n<p><strong>Iznad svega, ova dinamika c\u0301e na kraju dovesti do toga da francuska hrana bude rezervisana za one koji je mogu priu\u0161titi, primoravajuc\u0301i domac\u0301instva sa niskim primanjima da jedu proizvode uvezene iz drugih djelova svijeta<\/strong>. Ovaj fenomen je vec\u0301 danas vidljiv, ka\u017eu izvjestioci.<\/p>\n<p>Trojka predla\u017ee da se situacija ispravi sprovo\u0111enjem plana \u201e<strong><em>Konkurentnost francuske poljoprivrede<\/em><\/strong>\u201d do 2028. godine i daju 24 konkretne preporuke.<\/p>\n<h3>Nedostaci francuske poljoprivrede<\/h3>\n<p>Na osnovu pet naj\u010de\u0161c\u0301e konzumiranih namirnica (<strong>jabuke<\/strong>, <strong>paradajz<\/strong>, <strong>p\u0161enica<\/strong>, <strong>mlijeko<\/strong> i <strong>piletina<\/strong>), izvje\u0161taj identifikuje sledec\u0301e nedostatke:<\/p>\n<ul>\n<li><strong>Francuska je pala sa drugog na peto mjesto na listi najvec\u0301ih svjetskih izvoznika<\/strong> poljoprivrede u poslednjih 20 godina;<\/li>\n<li><strong>Bilans trgovinskog suficita poljoprivrednih i prehrambenih proizvoda se smanjuje<\/strong> i uzrokovan je samo povoljnim cijenama, posebno vina i \u017eestokih pic\u0301a, ali ne i obimom;<\/li>\n<li>Istovremeno, <strong>uvoz hrane u Francusku eksplozivno raste<\/strong>. Udvostru\u010dio se od 2000. godine, ponekad predstavljajuc\u0301i vi\u0161e od polovine hrane koja se konzumira u nekim porodicama, prema Senatu;<\/li>\n<li><strong>2\/3 gubitka tr\u017ei\u0161nog udjela francuske poljoprivrede<\/strong> je zbog gubitka konkurentnosti. Ovdje se upuc\u0301uje na analizu Centra za studije i prognoze Ministarstva poljoprivrede i hrane za 2021. Ovu analizu dijele francusko <strong>ministarstvo finansija<\/strong>, <strong>INRA<\/strong>-e i <strong>FranceAgriMer<\/strong>-a.<\/li>\n<\/ul>\n<div id=\"attachment_11752\" style=\"width: 1930px\" class=\"wp-caption alignnone\"><img aria-describedby=\"caption-attachment-11752\" data-attachment-id=\"11752\" data-permalink=\"https:\/\/seljak.me\/savjetuje\/francuska-poljoprivredna-konkurentnost-opada\/sheep-g0448a5928_1920\/\" data-orig-file=\"https:\/\/seljak.me\/savjetuje\/wp-content\/uploads\/2022\/10\/sheep-g0448a5928_1920.jpg\" data-orig-size=\"1920,1280\" data-comments-opened=\"0\" data-image-meta=\"{&quot;aperture&quot;:&quot;0&quot;,&quot;credit&quot;:&quot;&quot;,&quot;camera&quot;:&quot;&quot;,&quot;caption&quot;:&quot;&quot;,&quot;created_timestamp&quot;:&quot;0&quot;,&quot;copyright&quot;:&quot;&quot;,&quot;focal_length&quot;:&quot;0&quot;,&quot;iso&quot;:&quot;0&quot;,&quot;shutter_speed&quot;:&quot;0&quot;,&quot;title&quot;:&quot;&quot;,&quot;orientation&quot;:&quot;0&quot;}\" data-image-title=\"sheep-g0448a5928_1920\" data-image-description=\"\" data-image-caption=\"\" data-medium-file=\"https:\/\/seljak.me\/savjetuje\/wp-content\/uploads\/2022\/10\/sheep-g0448a5928_1920-300x200.jpg\" data-large-file=\"https:\/\/seljak.me\/savjetuje\/wp-content\/uploads\/2022\/10\/sheep-g0448a5928_1920-1024x683.jpg\" loading=\"lazy\" class=\"wp-image-11752 size-full\" src=\"https:\/\/seljak.me\/savjetuje\/wp-content\/uploads\/2022\/10\/sheep-g0448a5928_1920.jpg\" alt=\"Francuska poljoprivredna konkurentnost opada\" width=\"1920\" height=\"1280\" srcset=\"https:\/\/seljak.me\/savjetuje\/wp-content\/uploads\/2022\/10\/sheep-g0448a5928_1920.jpg 1920w, https:\/\/seljak.me\/savjetuje\/wp-content\/uploads\/2022\/10\/sheep-g0448a5928_1920-300x200.jpg 300w, https:\/\/seljak.me\/savjetuje\/wp-content\/uploads\/2022\/10\/sheep-g0448a5928_1920-1024x683.jpg 1024w, https:\/\/seljak.me\/savjetuje\/wp-content\/uploads\/2022\/10\/sheep-g0448a5928_1920-150x100.jpg 150w, https:\/\/seljak.me\/savjetuje\/wp-content\/uploads\/2022\/10\/sheep-g0448a5928_1920-768x512.jpg 768w, https:\/\/seljak.me\/savjetuje\/wp-content\/uploads\/2022\/10\/sheep-g0448a5928_1920-1536x1024.jpg 1536w, https:\/\/seljak.me\/savjetuje\/wp-content\/uploads\/2022\/10\/sheep-g0448a5928_1920-1200x800.jpg 1200w, https:\/\/seljak.me\/savjetuje\/wp-content\/uploads\/2022\/10\/sheep-g0448a5928_1920-600x400.jpg 600w\" sizes=\"(max-width: 1920px) 100vw, 1920px\" \/><p id=\"caption-attachment-11752\" class=\"wp-caption-text\">Francuska poljoprivredna konkurentnost opada\/foto: Pixabay<\/p><\/div>\n<h3>Uzroci<\/h3>\n<p><strong>Visoki tro\u0161kovi rada u Francuskoj u pore\u0111enju sa evropskim partnerima:<\/strong><\/p>\n<ul>\n<li><strong>Evropska ekolo\u0161ka pravila<\/strong> koja se primjenjuju izuzetno striktno u Francuskoj, tako stro\u017eija nego \u0161to zahtijeva Brisel;<\/li>\n<li><strong>Visoka cijena pomoc\u0301nih sredstava<\/strong> (\u0111ubriva i fitosanitarnih proizvoda), vec\u0301a od cijene kod stranih konkurenata;<\/li>\n<li><strong>Manja prosje\u010dna veli\u010dina farme <\/strong>od one kod konkurenata, \u0161to dovodi do manje ekonomije obima;<\/li>\n<li><strong>Vec\u0301i porezi<\/strong> nego u mnogim drugim zemljama i<\/li>\n<li><strong>Relativno visoki tro\u0161kovi mehanizacije<\/strong> i tro\u0161kovi odr\u017eavanja opreme i zgrada.<\/li>\n<\/ul>\n<h3>Predlo\u017eene 24 preporuke, uklju\u010dujuc\u0301i:<\/h3>\n<ul>\n<li>Zahtjevati od vlade da u kratkom roku napravi <strong>procjenu dodatnih tro\u0161kova prekomjerne transpozicije<\/strong> (u ovom kontekstu, prekomjerna transpozicija zna\u010di \u201esvaka nacionalna mjera transpozicije koja uvodi stro\u017eiji standard od onog koji bi bio rezultat striktne primjene evropskih direktiva, bez toga je ovo opravdano specifi\u010dnom nacionalnom svrhom\u201d);<\/li>\n<li><strong>Pro\u0161iriti zadatke <em>Anses<\/em><\/strong><em>-a<\/em> (Francuske nacionalne agencije za bezbijednost hrane) tako da u svoje savjete i ovla\u0161c\u0301enja uklju\u010di procjenu \u201ekoristi-rizika\u201d;<\/li>\n<li><strong>Uvesti mehanizam amortizacije ili poreski kredit za ulaganja u mehanizaciju<\/strong> u poljoprivredi ili poljoprivredno-prehrambenom sektoru;<\/li>\n<li>Preduzeti razli\u010dite mjere <strong>smanjenja poreza u korist poljoprivredne ili poljoprivredno-prehrambene proizvodnje<\/strong> po Zakonu o bud\u017eetu za 2023.;<\/li>\n<li>Vi\u0161e kredita za investicione planove za <strong>inovacije u poljoprivredi;<\/strong><\/li>\n<li><strong>Ograni\u010diti obim administrativnih procedura<\/strong> koje trenutno odla\u017eu \u0161irenje ili razvoj proizvodnih lokacija u strate\u0161kim sektorima te<\/li>\n<li>Poo\u0161triti <strong>kontrole hrane koja se uvozi<\/strong>.<\/li>\n<\/ul>\n<p>&nbsp;<\/p>\n<p>Tekst je izveden od originalnog \u201e<a href=\"https:\/\/www.agroberichtenbuitenland.nl\/actueel\/nieuws\/2022\/10\/19\/frankrijk-concurrentiekracht-franse-landbouw-achteruit-gegaan\">Frankrijk: concurrentiekracht Franse landbouw achteruit gegaa<\/a>n\u201d (CC BY 4.0)<\/p>\n","protected":false},"excerpt":{"rendered":"<p>U sveobuhvatnom izvje\u0161taju, tri francuska senatora iz razli\u010ditih politi\u010dkih partija, s lijeva na desno, di\u017eu alarm, rekav\u0161i da c\u0301e, bez promjene kursa, francuski poljoprivredni sektor dalje propadati, prenosi holadnsko ministarstvo poljoprivrede, prirode i kvaliteta hrane.<\/p>\n","protected":false},"author":3,"featured_media":11751,"comment_status":"closed","ping_status":"closed","sticky":false,"template":"","format":"standard","meta":{"ngg_post_thumbnail":0,"spay_email":""},"categories":[39],"tags":[1488,306,1489,1487],"yoast_head":"<!-- This site is optimized with the Yoast SEO plugin v17.7.1 - https:\/\/yoast.com\/wordpress\/plugins\/seo\/ -->\n<title>Francuska poljoprivredna konkurentnost opada - Savjetuje<\/title>\n<meta name=\"description\" content=\"Poslednjih godina problemi konkurencije doveli su do pada u\u010de\u0161c\u0301a francuskog izvoza na svjetskom tr\u017ei\u0161tu, dok je to isto tr\u017ei\u0161te raslo. Kriti\" \/>\n<meta name=\"robots\" content=\"index, follow, max-snippet:-1, max-image-preview:large, max-video-preview:-1\" \/>\n<link rel=\"canonical\" href=\"https:\/\/seljak.me\/savjetuje\/francuska-poljoprivredna-konkurentnost-opada\/\" \/>\n<meta property=\"og:locale\" content=\"sr_RS\" \/>\n<meta property=\"og:type\" content=\"article\" \/>\n<meta property=\"og:title\" content=\"Francuska poljoprivredna konkurentnost opada - Savjetuje\" \/>\n<meta property=\"og:description\" content=\"Poslednjih godina problemi konkurencije doveli su do pada u\u010de\u0161c\u0301a francuskog izvoza na svjetskom tr\u017ei\u0161tu, dok je to isto tr\u017ei\u0161te raslo. Kriti\" \/>\n<meta property=\"og:url\" content=\"https:\/\/seljak.me\/savjetuje\/francuska-poljoprivredna-konkurentnost-opada\/\" \/>\n<meta property=\"og:site_name\" content=\"Savjetuje\" \/>\n<meta property=\"article:publisher\" content=\"https:\/\/www.facebook.com\/seljak.me\/\" \/>\n<meta property=\"article:published_time\" content=\"2022-10-19T13:06:58+00:00\" \/>\n<meta property=\"og:image\" content=\"https:\/\/seljak.me\/savjetuje\/wp-content\/uploads\/2022\/10\/senate-g4cf7f8385_1920.jpg\" \/>\n\t<meta property=\"og:image:width\" content=\"1920\" \/>\n\t<meta property=\"og:image:height\" content=\"1280\" \/>\n<meta name=\"twitter:card\" content=\"summary_large_image\" \/>\n<meta name=\"twitter:label1\" content=\"Written by\" \/>\n\t<meta name=\"twitter:data1\" content=\"Marko Cerovi\u0107\" \/>\n\t<meta name=\"twitter:label2\" content=\"Est. reading time\" \/>\n\t<meta name=\"twitter:data2\" content=\"3 \u043c\u0438\u043d\u0443\u0442\u0430\" \/>\n<script type=\"application\/ld+json\" class=\"yoast-schema-graph\">{\"@context\":\"https:\/\/schema.org\",\"@graph\":[{\"@type\":\"WebSite\",\"@id\":\"https:\/\/seljak.me\/savjetuje\/#website\",\"url\":\"https:\/\/seljak.me\/savjetuje\/\",\"name\":\"Savjetuje\",\"description\":\"Seljak savjetuje\",\"potentialAction\":[{\"@type\":\"SearchAction\",\"target\":{\"@type\":\"EntryPoint\",\"urlTemplate\":\"https:\/\/seljak.me\/savjetuje\/?s={search_term_string}\"},\"query-input\":\"required name=search_term_string\"}],\"inLanguage\":\"sr-RS\"},{\"@type\":\"ImageObject\",\"@id\":\"https:\/\/seljak.me\/savjetuje\/francuska-poljoprivredna-konkurentnost-opada\/#primaryimage\",\"inLanguage\":\"sr-RS\",\"url\":\"https:\/\/seljak.me\/savjetuje\/wp-content\/uploads\/2022\/10\/senate-g4cf7f8385_1920.jpg\",\"contentUrl\":\"https:\/\/seljak.me\/savjetuje\/wp-content\/uploads\/2022\/10\/senate-g4cf7f8385_1920.jpg\",\"width\":1920,\"height\":1280},{\"@type\":\"WebPage\",\"@id\":\"https:\/\/seljak.me\/savjetuje\/francuska-poljoprivredna-konkurentnost-opada\/#webpage\",\"url\":\"https:\/\/seljak.me\/savjetuje\/francuska-poljoprivredna-konkurentnost-opada\/\",\"name\":\"Francuska poljoprivredna konkurentnost opada - Savjetuje\",\"isPartOf\":{\"@id\":\"https:\/\/seljak.me\/savjetuje\/#website\"},\"primaryImageOfPage\":{\"@id\":\"https:\/\/seljak.me\/savjetuje\/francuska-poljoprivredna-konkurentnost-opada\/#primaryimage\"},\"datePublished\":\"2022-10-19T13:06:58+00:00\",\"dateModified\":\"2022-10-19T13:06:58+00:00\",\"author\":{\"@id\":\"https:\/\/seljak.me\/savjetuje\/#\/schema\/person\/04fecd971a1f79879980b03a07c1a45a\"},\"description\":\"Poslednjih godina problemi konkurencije doveli su do pada u\\u010de\\u0161c\\u0301a francuskog izvoza na svjetskom tr\\u017ei\\u0161tu, dok je to isto tr\\u017ei\\u0161te raslo. Kriti\",\"breadcrumb\":{\"@id\":\"https:\/\/seljak.me\/savjetuje\/francuska-poljoprivredna-konkurentnost-opada\/#breadcrumb\"},\"inLanguage\":\"sr-RS\",\"potentialAction\":[{\"@type\":\"ReadAction\",\"target\":[\"https:\/\/seljak.me\/savjetuje\/francuska-poljoprivredna-konkurentnost-opada\/\"]}]},{\"@type\":\"BreadcrumbList\",\"@id\":\"https:\/\/seljak.me\/savjetuje\/francuska-poljoprivredna-konkurentnost-opada\/#breadcrumb\",\"itemListElement\":[{\"@type\":\"ListItem\",\"position\":1,\"name\":\"Naslovna\",\"item\":\"https:\/\/seljak.me\/savjetuje\/\"},{\"@type\":\"ListItem\",\"position\":2,\"name\":\"Francuska poljoprivredna konkurentnost opada\"}]},{\"@type\":\"Person\",\"@id\":\"https:\/\/seljak.me\/savjetuje\/#\/schema\/person\/04fecd971a1f79879980b03a07c1a45a\",\"name\":\"Marko Cerovi\\u0107\",\"image\":{\"@type\":\"ImageObject\",\"@id\":\"https:\/\/seljak.me\/savjetuje\/#personlogo\",\"inLanguage\":\"sr-RS\",\"url\":\"https:\/\/seljak.me\/savjetuje\/wp-content\/uploads\/2022\/10\/photo_2-96x96.png\",\"contentUrl\":\"https:\/\/seljak.me\/savjetuje\/wp-content\/uploads\/2022\/10\/photo_2-96x96.png\",\"caption\":\"Marko Cerovi\\u0107\"},\"sameAs\":[\"Marko Cerovic\"],\"url\":\"https:\/\/seljak.me\/savjetuje\/author\/marko-cerovic\/\"}]}<\/script>\n<!-- \/ Yoast SEO plugin. -->","yoast_head_json":{"title":"Francuska poljoprivredna konkurentnost opada - Savjetuje","description":"Poslednjih godina problemi konkurencije doveli su do pada u\u010de\u0161c\u0301a francuskog izvoza na svjetskom tr\u017ei\u0161tu, dok je to isto tr\u017ei\u0161te raslo. Kriti","robots":{"index":"index","follow":"follow","max-snippet":"max-snippet:-1","max-image-preview":"max-image-preview:large","max-video-preview":"max-video-preview:-1"},"canonical":"https:\/\/seljak.me\/savjetuje\/francuska-poljoprivredna-konkurentnost-opada\/","og_locale":"sr_RS","og_type":"article","og_title":"Francuska poljoprivredna konkurentnost opada - Savjetuje","og_description":"Poslednjih godina problemi konkurencije doveli su do pada u\u010de\u0161c\u0301a francuskog izvoza na svjetskom tr\u017ei\u0161tu, dok je to isto tr\u017ei\u0161te raslo. Kriti","og_url":"https:\/\/seljak.me\/savjetuje\/francuska-poljoprivredna-konkurentnost-opada\/","og_site_name":"Savjetuje","article_publisher":"https:\/\/www.facebook.com\/seljak.me\/","article_published_time":"2022-10-19T13:06:58+00:00","og_image":[{"width":1920,"height":1280,"url":"https:\/\/seljak.me\/savjetuje\/wp-content\/uploads\/2022\/10\/senate-g4cf7f8385_1920.jpg","type":"image\/jpeg"}],"twitter_card":"summary_large_image","twitter_misc":{"Written by":"Marko Cerovi\u0107","Est. reading time":"3 \u043c\u0438\u043d\u0443\u0442\u0430"},"schema":{"@context":"https:\/\/schema.org","@graph":[{"@type":"WebSite","@id":"https:\/\/seljak.me\/savjetuje\/#website","url":"https:\/\/seljak.me\/savjetuje\/","name":"Savjetuje","description":"Seljak savjetuje","potentialAction":[{"@type":"SearchAction","target":{"@type":"EntryPoint","urlTemplate":"https:\/\/seljak.me\/savjetuje\/?s={search_term_string}"},"query-input":"required name=search_term_string"}],"inLanguage":"sr-RS"},{"@type":"ImageObject","@id":"https:\/\/seljak.me\/savjetuje\/francuska-poljoprivredna-konkurentnost-opada\/#primaryimage","inLanguage":"sr-RS","url":"https:\/\/seljak.me\/savjetuje\/wp-content\/uploads\/2022\/10\/senate-g4cf7f8385_1920.jpg","contentUrl":"https:\/\/seljak.me\/savjetuje\/wp-content\/uploads\/2022\/10\/senate-g4cf7f8385_1920.jpg","width":1920,"height":1280},{"@type":"WebPage","@id":"https:\/\/seljak.me\/savjetuje\/francuska-poljoprivredna-konkurentnost-opada\/#webpage","url":"https:\/\/seljak.me\/savjetuje\/francuska-poljoprivredna-konkurentnost-opada\/","name":"Francuska poljoprivredna konkurentnost opada - Savjetuje","isPartOf":{"@id":"https:\/\/seljak.me\/savjetuje\/#website"},"primaryImageOfPage":{"@id":"https:\/\/seljak.me\/savjetuje\/francuska-poljoprivredna-konkurentnost-opada\/#primaryimage"},"datePublished":"2022-10-19T13:06:58+00:00","dateModified":"2022-10-19T13:06:58+00:00","author":{"@id":"https:\/\/seljak.me\/savjetuje\/#\/schema\/person\/04fecd971a1f79879980b03a07c1a45a"},"description":"Poslednjih godina problemi konkurencije doveli su do pada u\u010de\u0161c\u0301a francuskog izvoza na svjetskom tr\u017ei\u0161tu, dok je to isto tr\u017ei\u0161te raslo. Kriti","breadcrumb":{"@id":"https:\/\/seljak.me\/savjetuje\/francuska-poljoprivredna-konkurentnost-opada\/#breadcrumb"},"inLanguage":"sr-RS","potentialAction":[{"@type":"ReadAction","target":["https:\/\/seljak.me\/savjetuje\/francuska-poljoprivredna-konkurentnost-opada\/"]}]},{"@type":"BreadcrumbList","@id":"https:\/\/seljak.me\/savjetuje\/francuska-poljoprivredna-konkurentnost-opada\/#breadcrumb","itemListElement":[{"@type":"ListItem","position":1,"name":"Naslovna","item":"https:\/\/seljak.me\/savjetuje\/"},{"@type":"ListItem","position":2,"name":"Francuska poljoprivredna konkurentnost opada"}]},{"@type":"Person","@id":"https:\/\/seljak.me\/savjetuje\/#\/schema\/person\/04fecd971a1f79879980b03a07c1a45a","name":"Marko Cerovi\u0107","image":{"@type":"ImageObject","@id":"https:\/\/seljak.me\/savjetuje\/#personlogo","inLanguage":"sr-RS","url":"https:\/\/seljak.me\/savjetuje\/wp-content\/uploads\/2022\/10\/photo_2-96x96.png","contentUrl":"https:\/\/seljak.me\/savjetuje\/wp-content\/uploads\/2022\/10\/photo_2-96x96.png","caption":"Marko Cerovi\u0107"},"sameAs":["Marko Cerovic"],"url":"https:\/\/seljak.me\/savjetuje\/author\/marko-cerovic\/"}]}},"jetpack_featured_media_url":"https:\/\/seljak.me\/savjetuje\/wp-content\/uploads\/2022\/10\/senate-g4cf7f8385_1920.jpg","jetpack-related-posts":[{"id":16609,"url":"https:\/\/seljak.me\/savjetuje\/francuska-podrska-crnoj-gori-u-procesu-pristupanja-eu-fokus-na-poljoprivredi\/","url_meta":{"origin":11749,"position":0},"title":"Francuska podr\u0161ka Crnoj Gori u procesu pristupanja EU: fokus na poljoprivredi","date":"30\/04\/2024","format":false,"excerpt":"Ministar poljoprivrede, \u0161umarstva i vodoprivrede,\u00a0Vladimir Jokovi\u0107, odr\u017eao je sastanak sa ambasadorkom Francuske u Crnoj Gori,\u00a0An\u00a0Mari Maske, s ciljem sagledavanja i unapre\u0111enja dosada\u0161nje saradnje izme\u0111u Francuske i Crne Gore u oblasti poljoprivrede. Na sastanku je nagla\u0161eno da postoji potencijal za ja\u010danje saradnje u vi\u0161e segmenata. Poseban fokus stavljen je na zna\u010daj\u2026","rel":"","context":"In &quot;MP\u0160V&quot;","img":{"alt_text":"","src":"https:\/\/i0.wp.com\/seljak.me\/savjetuje\/wp-content\/uploads\/2024\/04\/1714480430psn6exiafno0ntdj-i_747x498.jpg?resize=350%2C200&ssl=1","width":350,"height":200},"classes":[]},{"id":12373,"url":"https:\/\/seljak.me\/savjetuje\/u-francuskoj-kraj-ubijanja-jednodnevnih-muskih-pilica-od-1-januara\/","url_meta":{"origin":11749,"position":1},"title":"U Francuskoj kraj ubijanja jednodnevnih mu\u0161kih pili\u0107a od 1. januara","date":"25\/11\/2022","format":false,"excerpt":"Francuska industrija jaja, zajedno sa njema\u010dkom, prva je u svijetu koja je stavila ta\u010dku na ovu praksu.","rel":"","context":"In &quot;Novosti&quot;","img":{"alt_text":"Chick","src":"https:\/\/i0.wp.com\/seljak.me\/savjetuje\/wp-content\/uploads\/2022\/11\/chick.jpg?resize=350%2C200&ssl=1","width":350,"height":200},"classes":[]},{"id":11449,"url":"https:\/\/seljak.me\/savjetuje\/makron-najavio-pakt-za-buducnost-poljoprivrede\/","url_meta":{"origin":11749,"position":2},"title":"Makron najavio pakt za budu\u0107nost poljoprivrede","date":"29\/09\/2022","format":false,"excerpt":"Starenje u poljoprivredi veliki je problem u Francuskoj. Prosje\u010dna starost poljoprivrednog preduzetnika je iznad 50 godina a mnogi preduzetnici nemaju naslednika u porodici. Od sada do 2030. \u010detvrtina poljoprivrednika c\u0301e otic\u0301i u penziju, a 100 000 kompanija c\u0301e morati da se kupi. Francuska vlada to vidi kao rizik za takozvani\u2026","rel":"","context":"In &quot;Novosti&quot;","img":{"alt_text":"Autumn in Dr\u00f4me Proven\u00e7ale, France","src":"https:\/\/i0.wp.com\/seljak.me\/savjetuje\/wp-content\/uploads\/2022\/09\/autumn-in-dr-me-proven-ale-france.jpg?resize=350%2C200&ssl=1","width":350,"height":200},"classes":[]},{"id":12853,"url":"https:\/\/seljak.me\/savjetuje\/politicka-podrska-razvoju-sektora-konoplje-u-francuskoj\/","url_meta":{"origin":11749,"position":3},"title":"Politi\u010dka podr\u0161ka razvoju sektora konoplje u Francuskoj","date":"14\/12\/2022","format":false,"excerpt":"U protekloj godini u Francuskoj je bila primjetna vec\u0301a pa\u017enja u uzgoju konoplje. Na konoplju se gleda kao na usjev koji obec\u0301ava sa mnogo interesantnih primjena, kao \u0161to su gra\u0111evinski materijali na biobaziranoj osnovi, tekstil ili farmaceutski proizvodi, navodi holandsko ministarstvo poljoprivrede, prirode i kvaliteta hrane.","rel":"","context":"In &quot;Novosti&quot;","img":{"alt_text":"close up view of medical marijuana buds and dropper with hemp oil oil on marble surface","src":"https:\/\/i0.wp.com\/seljak.me\/savjetuje\/wp-content\/uploads\/2022\/12\/close-up-view-of-medical-marijuana-buds-and-dropper-with-hemp-oil-oil-on-marble-surface.jpg?resize=350%2C200&ssl=1","width":350,"height":200},"classes":[]},{"id":12202,"url":"https:\/\/seljak.me\/savjetuje\/kako-se-francuska-bori-sa-nedostatkom-veterinara\/","url_meta":{"origin":11749,"position":4},"title":"Kako se Francuska bori sa nedostatkom veterinara?","date":"17\/11\/2022","format":false,"excerpt":"O\u010dekuju sna\u017ean porast broja veterinara obu\u010denih u Francuskoj u narednim godinama.","rel":"","context":"In &quot;Novosti&quot;","img":{"alt_text":"Vet giving calf an injection","src":"https:\/\/i0.wp.com\/seljak.me\/savjetuje\/wp-content\/uploads\/2022\/11\/vet-giving-calf-an-injection.jpg?resize=350%2C200&ssl=1","width":350,"height":200},"classes":[]},{"id":11968,"url":"https:\/\/seljak.me\/savjetuje\/rusija-ogranicila-isporuku-zivinskih-proizvoda-iz-francuske-zbog-pticije-gripe\/","url_meta":{"origin":11749,"position":5},"title":"Rusija ograni\u010dila isporuku \u017eivinskih proizvoda iz Francuske zbog pti\u010dije gripe","date":"04\/11\/2022","format":false,"excerpt":"Rosselhoznadzor je privremeno ograni\u010dio isporuku \u017eivinskih proizvoda iz \u010detiri francuska regiona na teritoriju Ruske Federacije, navodi se u dokumentu resora.","rel":"","context":"In &quot;Novosti&quot;","img":{"alt_text":"Chicken coop full of small chickens","src":"https:\/\/i0.wp.com\/seljak.me\/savjetuje\/wp-content\/uploads\/2022\/11\/chicken-coop-full-of-small-chickens.jpg?resize=350%2C200&ssl=1","width":350,"height":200},"classes":[]}],"_links":{"self":[{"href":"https:\/\/seljak.me\/savjetuje\/wp-json\/wp\/v2\/posts\/11749"}],"collection":[{"href":"https:\/\/seljak.me\/savjetuje\/wp-json\/wp\/v2\/posts"}],"about":[{"href":"https:\/\/seljak.me\/savjetuje\/wp-json\/wp\/v2\/types\/post"}],"author":[{"embeddable":true,"href":"https:\/\/seljak.me\/savjetuje\/wp-json\/wp\/v2\/users\/3"}],"replies":[{"embeddable":true,"href":"https:\/\/seljak.me\/savjetuje\/wp-json\/wp\/v2\/comments?post=11749"}],"version-history":[{"count":3,"href":"https:\/\/seljak.me\/savjetuje\/wp-json\/wp\/v2\/posts\/11749\/revisions"}],"predecessor-version":[{"id":11755,"href":"https:\/\/seljak.me\/savjetuje\/wp-json\/wp\/v2\/posts\/11749\/revisions\/11755"}],"wp:featuredmedia":[{"embeddable":true,"href":"https:\/\/seljak.me\/savjetuje\/wp-json\/wp\/v2\/media\/11751"}],"wp:attachment":[{"href":"https:\/\/seljak.me\/savjetuje\/wp-json\/wp\/v2\/media?parent=11749"}],"wp:term":[{"taxonomy":"category","embeddable":true,"href":"https:\/\/seljak.me\/savjetuje\/wp-json\/wp\/v2\/categories?post=11749"},{"taxonomy":"post_tag","embeddable":true,"href":"https:\/\/seljak.me\/savjetuje\/wp-json\/wp\/v2\/tags?post=11749"}],"curies":[{"name":"wp","href":"https:\/\/api.w.org\/{rel}","templated":true}]}}